{"id":977,"date":"2023-01-25T16:14:54","date_gmt":"2023-01-25T15:14:54","guid":{"rendered":"https:\/\/ambbratislava.esteri.it\/news\/dall_ambasciata\/2023\/01\/25-01-2023-incontro-dell-ambasciatrice-2\/"},"modified":"2023-01-25T16:14:54","modified_gmt":"2023-01-25T15:14:54","slug":"25-01-2023-incontro-dell-ambasciatrice-2","status":"publish","type":"post","link":"https:\/\/ambbratislava.esteri.it\/sk\/news\/dall_ambasciata\/2023\/01\/25-01-2023-incontro-dell-ambasciatrice-2\/","title":{"rendered":"25.01.2023 Stretnutie pani Ve\u013evyslankyne Flumiani so \u0161t\u00e1tnym tajomn\u00edkom Ministerstva hospod\u00e1rstva Slovenskej republiky- Petrom Gerhartom."},"content":{"rendered":"<p>Pani ve\u013evyslanky\u0148a Flumiani mala dnes srde\u010dn\u00e9 stretnutie so \u0161t\u00e1tnym tajomn\u00edkom Ministerstva hospod\u00e1rstva Petrom Gerhartom. Rozhovor, na ktorom sa z\u00fa\u010dastnili aj z\u00e1stupcovia SARIO (Slovensk\u00e1 agent\u00fara pre rozvoj invest\u00edci\u00ed a obchodu), umo\u017enil prerokova\u0165 spolupr\u00e1cu v hospod\u00e1rskej oblasti a spomenul vyznamn\u00e9 zast\u00fapenie talianskych firiem na Slovensku, ktor\u00fdch pr\u00ednos do technologickej oblasti a zamestn\u00e1vania \u0161pi\u010dkov\u00fdch slovensk\u00fdch odborn\u00edkov pod\u010diarkla i pani Ve\u013evslanky\u0148a.<\/p>\n<p>Zna\u010dn\u00fd priestor bol venovan\u00fd spolupr\u00e1ci v odbore energetiky a \u00falohe, ktor\u00fa pln\u00ed Taliansko, aby prispelo k diverzifik\u00e1cii zdrojov, ku ktor\u00fdm sa pridalo i Slovensko, s cie\u013eom ur\u010di\u0165 \u010fal\u0161ie mo\u017enosti spolupr\u00e1ce do najbli\u017e\u0161ej bud\u00facnosti.<\/p>\n<p>Pani ve\u013evyyslanky\u0148a Flumiani obozn\u00e1mila na z\u00e1ver p\u00e1na \u0161t\u00e1tneho tajomn\u00edka o kandidat\u00fare mesta R\u00edm na usporiadanie svetovej v\u00fdstavy EXPO v roku 2030, klad\u00fac d\u00f4raz na jeho eur\u00f3psky v\u00fdznam a o mo\u017enosti ekonomick\u00e9ho rastu na celom kontinente.<\/p>\n","protected":false},"excerpt":{"rendered":"Pani ve\u013evyslanky\u0148a Flumiani mala dnes srde\u010dn\u00e9 stretnutie so \u0161t\u00e1tnym tajomn\u00edkom Ministerstva hospod\u00e1rstva Petrom Gerhartom. Rozhovor, na ktorom sa z\u00fa\u010dastnili aj z\u00e1stupcovia SARIO (Slovensk\u00e1 agent\u00fara pre rozvoj invest\u00edci\u00ed a obchodu), umo\u017enil prerokova\u0165 spolupr\u00e1cu v hospod\u00e1rskej oblasti a spomenul vyznamn\u00e9 zast\u00fapenie talianskych firiem na Slovensku, ktor\u00fdch pr\u00ednos do technologickej oblasti a zamestn\u00e1vania \u0161pi\u010dkov\u00fdch slovensk\u00fdch odborn\u00edkov pod\u010diarkla i [&hellip;]","protected":false},"author":1,"featured_media":0,"comment_status":"","ping_status":"","sticky":false,"template":"","format":"standard","meta":{"footnotes":""},"tags":[],"class_list":["post-977","post","type-post","status-publish","format-standard","hentry"],"_links":{"self":[{"href":"https:\/\/ambbratislava.esteri.it\/sk\/wp-json\/wp\/v2\/posts\/977","targetHints":{"allow":["GET"]}}],"collection":[{"href":"https:\/\/ambbratislava.esteri.it\/sk\/wp-json\/wp\/v2\/posts"}],"about":[{"href":"https:\/\/ambbratislava.esteri.it\/sk\/wp-json\/wp\/v2\/types\/post"}],"author":[{"embeddable":true,"href":"https:\/\/ambbratislava.esteri.it\/sk\/wp-json\/wp\/v2\/users\/1"}],"replies":[{"embeddable":true,"href":"https:\/\/ambbratislava.esteri.it\/sk\/wp-json\/wp\/v2\/comments?post=977"}],"version-history":[{"count":0,"href":"https:\/\/ambbratislava.esteri.it\/sk\/wp-json\/wp\/v2\/posts\/977\/revisions"}],"wp:attachment":[{"href":"https:\/\/ambbratislava.esteri.it\/sk\/wp-json\/wp\/v2\/media?parent=977"}],"wp:term":[{"taxonomy":"post_tag","embeddable":true,"href":"https:\/\/ambbratislava.esteri.it\/sk\/wp-json\/wp\/v2\/tags?post=977"}],"curies":[{"name":"wp","href":"https:\/\/api.w.org\/{rel}","templated":true}]}}