{"id":942,"date":"2023-02-16T16:40:19","date_gmt":"2023-02-16T15:40:19","guid":{"rendered":"https:\/\/ambbratislava.esteri.it\/news\/dall_ambasciata\/2023\/02\/16-02-2023-incontro-dell-ambasciatrice-2\/"},"modified":"2023-02-16T16:40:19","modified_gmt":"2023-02-16T15:40:19","slug":"16-02-2023-incontro-dell-ambasciatrice-2","status":"publish","type":"post","link":"https:\/\/ambbratislava.esteri.it\/sk\/news\/dall_ambasciata\/2023\/02\/16-02-2023-incontro-dell-ambasciatrice-2\/","title":{"rendered":"L\u2019Ambasciatrice d\u2019Italia Catherine Flumiani ha avuto oggi un cordiale incontro con il Ministro dell\u2019Istruzione della Repubblica Slovacca J\u00e1n Horeck\u00fd. ll colloquio ha consentito un approfondito confronto sull\u2019offerta formativa in lingua italiana nelle scuole e nelle universit\u00e0 slovacche nonch\u00e9 di illustrare le attivit\u00e0 che l\u2019Ambasciata, di concerto con i docenti inviati dal Ministero degli Affari Esteri e della Cooperazione Internazionale e con l\u2019Istituto Italiano di Cultura, attua per favorire la promozione della lingua italiana. Un\u2019azione di promozione che, come l\u2019Ambasciatrice ha tenuto a sottolineare, rappresenta un dossier prioritario nelle relazioni bilaterali tra Italia e Slovacchia.   L\u2019incontro ha consentito inoltre di ribadire l\u2019importanza della collaborazione nel garantire un\u2019adeguata offerta formativa in lingua italiana anche nel settore scientifico e l\u2019auspicio circa il prossimo rinnovo del Protocollo d\u2019Intesa per le sezioni bilingui dei Licei della Repubblica Slovacca. Su tale ultimo versante l\u2019Ambasciatrice Flumiani ha espresso l\u2019apprezzamento per il ruolo di riferimento svolto dalla sezione bilingue itlalo-slovacca presso il Liceo Saru di Bratislava"},"content":{"rendered":"<p>Ve\u013evyslanky\u0148a Talianskej republiky Catherine Flumiani dnes absolvovala srde\u010dn\u00e9 stretnutie s ministrom \u0161kolstva, vedy, v\u00fdskumu a \u0161portu Slovenskej republiky, J\u00e1nom Horeck\u00fdm. Stretnutie prinieslo hlbok\u00fa diskusiu o ponuke \u0161t\u00fadia talianskeho jazyka na slovensk\u00fdch \u0161kol\u00e1ch a univerzit\u00e1ch, ako aj prezent\u00e1ciu aktiv\u00edt, ktor\u00e9 ve\u013evyslanectvo spolo\u010dne s lektormi vyslan\u00fdmi Ministerstvom zahrani\u010dn\u00fdch vec\u00ed a medzin\u00e1rodnej spolupr\u00e1ce Talianskej republiky a s Talianskym kult\u00farnym in\u0161tit\u00fatom organizuje na podporu talianskeho jazyka. Ide o propaga\u010dn\u00fa \u010dinnos\u0165, ktor\u00e1, ako ve\u013evyslanky\u0148a zd\u00f4raznila, predstavuje prioritn\u00fa oblas\u0165 v bilater\u00e1lnych vz\u0165ahoch medzi Talianskom a Slovenskom.<\/p>\n<p>Na stretnut\u00ed bol vyzdvihnut\u00fd v\u00fdznam spolupr\u00e1ce pri zabezpe\u010dovan\u00ed adekv\u00e1tnej ponuky vzdel\u00e1vania v talianskom jazyku aj vo vedeck\u00fdch smeroch a z\u00e1rove\u0148 vysloven\u00e9 \u017eelenie na obnovenie protokolu o zria\u010fovan\u00ed a \u010dinnosti bilingv\u00e1lnych sekci\u00ed na gymn\u00e1zi\u00e1ch v Slovenskej republike. V tomto poslednom bode ve\u013evyslanky\u0148a Flumiani ocenila k\u013e\u00fa\u010dov\u00fa \u00falohu, ktor\u00fa zohr\u00e1va bilingv\u00e1lna taliansko-slovensk\u00e1 sekcia Gymn\u00e1zia na ulici Ladislava S\u00e1ru v Bratislave.<\/p>\n","protected":false},"excerpt":{"rendered":"Ve\u013evyslanky\u0148a Talianskej republiky Catherine Flumiani dnes absolvovala srde\u010dn\u00e9 stretnutie s ministrom \u0161kolstva, vedy, v\u00fdskumu a \u0161portu Slovenskej republiky, J\u00e1nom Horeck\u00fdm. Stretnutie prinieslo hlbok\u00fa diskusiu o ponuke \u0161t\u00fadia talianskeho jazyka na slovensk\u00fdch \u0161kol\u00e1ch a univerzit\u00e1ch, ako aj prezent\u00e1ciu aktiv\u00edt, ktor\u00e9 ve\u013evyslanectvo spolo\u010dne s lektormi vyslan\u00fdmi Ministerstvom zahrani\u010dn\u00fdch vec\u00ed a medzin\u00e1rodnej spolupr\u00e1ce Talianskej republiky a s Talianskym [&hellip;]","protected":false},"author":1,"featured_media":0,"comment_status":"","ping_status":"","sticky":false,"template":"","format":"standard","meta":{"footnotes":""},"tags":[],"class_list":["post-942","post","type-post","status-publish","format-standard","hentry"],"_links":{"self":[{"href":"https:\/\/ambbratislava.esteri.it\/sk\/wp-json\/wp\/v2\/posts\/942","targetHints":{"allow":["GET"]}}],"collection":[{"href":"https:\/\/ambbratislava.esteri.it\/sk\/wp-json\/wp\/v2\/posts"}],"about":[{"href":"https:\/\/ambbratislava.esteri.it\/sk\/wp-json\/wp\/v2\/types\/post"}],"author":[{"embeddable":true,"href":"https:\/\/ambbratislava.esteri.it\/sk\/wp-json\/wp\/v2\/users\/1"}],"replies":[{"embeddable":true,"href":"https:\/\/ambbratislava.esteri.it\/sk\/wp-json\/wp\/v2\/comments?post=942"}],"version-history":[{"count":0,"href":"https:\/\/ambbratislava.esteri.it\/sk\/wp-json\/wp\/v2\/posts\/942\/revisions"}],"wp:attachment":[{"href":"https:\/\/ambbratislava.esteri.it\/sk\/wp-json\/wp\/v2\/media?parent=942"}],"wp:term":[{"taxonomy":"post_tag","embeddable":true,"href":"https:\/\/ambbratislava.esteri.it\/sk\/wp-json\/wp\/v2\/tags?post=942"}],"curies":[{"name":"wp","href":"https:\/\/api.w.org\/{rel}","templated":true}]}}