{"id":7420,"date":"2026-02-16T11:32:41","date_gmt":"2026-02-16T10:32:41","guid":{"rendered":"https:\/\/ambbratislava.esteri.it\/?p=7420"},"modified":"2026-02-16T11:33:34","modified_gmt":"2026-02-16T10:33:34","slug":"umrtie-velvyslanca-ermanna-squadrilliho","status":"publish","type":"post","link":"https:\/\/ambbratislava.esteri.it\/sk\/news\/dall_ambasciata\/2026\/02\/umrtie-velvyslanca-ermanna-squadrilliho\/","title":{"rendered":"\u00damrtie ve\u013evyslanca Ermanna Squadrilliho"},"content":{"rendered":"<p>Talianske ve\u013evyslanectvo si pripom\u00edna ve\u013evyslanca Ermanna Squadrilliho, prv\u00e9ho talianskeho ved\u00faceho misie na Slovensku, ktor\u00fd n\u00e1s v uplynul\u00fdch d\u0148och opustil. Ve\u013evyslanec a v\u0161etci zamestnanci, ktor\u00ed si ho bud\u00fa nav\u017edy pam\u00e4ta\u0165 s v\u010fakou a l\u00e1skou, vyjadruj\u00fa \u00faprimn\u00fa s\u00fastras\u0165 jeho rodine a bl\u00edzkym.<\/p>\n","protected":false},"excerpt":{"rendered":"Talianske ve\u013evyslanectvo si pripom\u00edna ve\u013evyslanca Ermanna Squadrilliho, prv\u00e9ho talianskeho ved\u00faceho misie na Slovensku, ktor\u00fd n\u00e1s v uplynul\u00fdch d\u0148och opustil. Ve\u013evyslanec a v\u0161etci zamestnanci, ktor\u00ed si ho bud\u00fa nav\u017edy pam\u00e4ta\u0165 s v\u010fakou a l\u00e1skou, vyjadruj\u00fa \u00faprimn\u00fa s\u00fastras\u0165 jeho rodine a bl\u00edzkym.","protected":false},"author":13,"featured_media":7417,"comment_status":"closed","ping_status":"closed","sticky":false,"template":"","format":"standard","meta":{"footnotes":""},"tags":[],"class_list":["post-7420","post","type-post","status-publish","format-standard","has-post-thumbnail","hentry"],"_links":{"self":[{"href":"https:\/\/ambbratislava.esteri.it\/sk\/wp-json\/wp\/v2\/posts\/7420","targetHints":{"allow":["GET"]}}],"collection":[{"href":"https:\/\/ambbratislava.esteri.it\/sk\/wp-json\/wp\/v2\/posts"}],"about":[{"href":"https:\/\/ambbratislava.esteri.it\/sk\/wp-json\/wp\/v2\/types\/post"}],"author":[{"embeddable":true,"href":"https:\/\/ambbratislava.esteri.it\/sk\/wp-json\/wp\/v2\/users\/13"}],"replies":[{"embeddable":true,"href":"https:\/\/ambbratislava.esteri.it\/sk\/wp-json\/wp\/v2\/comments?post=7420"}],"version-history":[{"count":1,"href":"https:\/\/ambbratislava.esteri.it\/sk\/wp-json\/wp\/v2\/posts\/7420\/revisions"}],"predecessor-version":[{"id":7422,"href":"https:\/\/ambbratislava.esteri.it\/sk\/wp-json\/wp\/v2\/posts\/7420\/revisions\/7422"}],"wp:featuredmedia":[{"embeddable":true,"href":"https:\/\/ambbratislava.esteri.it\/sk\/wp-json\/wp\/v2\/media\/7417"}],"wp:attachment":[{"href":"https:\/\/ambbratislava.esteri.it\/sk\/wp-json\/wp\/v2\/media?parent=7420"}],"wp:term":[{"taxonomy":"post_tag","embeddable":true,"href":"https:\/\/ambbratislava.esteri.it\/sk\/wp-json\/wp\/v2\/tags?post=7420"}],"curies":[{"name":"wp","href":"https:\/\/api.w.org\/{rel}","templated":true}]}}