{"id":7406,"date":"2026-02-13T09:05:38","date_gmt":"2026-02-13T08:05:38","guid":{"rendered":"https:\/\/ambbratislava.esteri.it\/?p=7406"},"modified":"2026-02-13T09:23:00","modified_gmt":"2026-02-13T08:23:00","slug":"stretnutie-medzi-velvyslancami-eu-a-predsedom-narodnej-rady-sr-richardom-rasim","status":"publish","type":"post","link":"https:\/\/ambbratislava.esteri.it\/sk\/news\/dall_ambasciata\/2026\/02\/stretnutie-medzi-velvyslancami-eu-a-predsedom-narodnej-rady-sr-richardom-rasim\/","title":{"rendered":"Stretnutie medzi ve\u013evyslancami E\u00da a predsedom N\u00e1rodnej rady SR Richardom Ra\u0161im"},"content":{"rendered":"<p style=\"text-align: justify;\">Ve\u013emi zauj\u00edmav\u00e9 stretnutie zorganizovan\u00e9 cypersk\u00fdm predsedn\u00edctvom E\u00da medzi ve\u013evyslancami E\u00da a predsedom N\u00e1rodnej rady Slovenskej republiky Richardom Ra\u0161im. Parlamentn\u00e1 diplomacia dop\u013a\u0148a diplomaciu vl\u00e1d, podporuje dial\u00f3g medzi in\u0161tit\u00faciami a rozv\u00edja kontakty medzi ob\u010dianskymi spolo\u010dnos\u0165ami.<\/p>\n","protected":false},"excerpt":{"rendered":"Ve\u013emi zauj\u00edmav\u00e9 stretnutie zorganizovan\u00e9 cypersk\u00fdm predsedn\u00edctvom E\u00da medzi ve\u013evyslancami E\u00da a predsedom N\u00e1rodnej rady Slovenskej republiky Richardom Ra\u0161im. Parlamentn\u00e1 diplomacia dop\u013a\u0148a diplomaciu vl\u00e1d, podporuje dial\u00f3g medzi in\u0161tit\u00faciami a rozv\u00edja kontakty medzi ob\u010dianskymi spolo\u010dnos\u0165ami.","protected":false},"author":13,"featured_media":7396,"comment_status":"closed","ping_status":"closed","sticky":false,"template":"","format":"standard","meta":{"footnotes":""},"tags":[14,15],"class_list":["post-7406","post","type-post","status-publish","format-standard","has-post-thumbnail","hentry","tag-politica-estera","tag-unione-europea"],"_links":{"self":[{"href":"https:\/\/ambbratislava.esteri.it\/sk\/wp-json\/wp\/v2\/posts\/7406","targetHints":{"allow":["GET"]}}],"collection":[{"href":"https:\/\/ambbratislava.esteri.it\/sk\/wp-json\/wp\/v2\/posts"}],"about":[{"href":"https:\/\/ambbratislava.esteri.it\/sk\/wp-json\/wp\/v2\/types\/post"}],"author":[{"embeddable":true,"href":"https:\/\/ambbratislava.esteri.it\/sk\/wp-json\/wp\/v2\/users\/13"}],"replies":[{"embeddable":true,"href":"https:\/\/ambbratislava.esteri.it\/sk\/wp-json\/wp\/v2\/comments?post=7406"}],"version-history":[{"count":1,"href":"https:\/\/ambbratislava.esteri.it\/sk\/wp-json\/wp\/v2\/posts\/7406\/revisions"}],"predecessor-version":[{"id":7409,"href":"https:\/\/ambbratislava.esteri.it\/sk\/wp-json\/wp\/v2\/posts\/7406\/revisions\/7409"}],"wp:featuredmedia":[{"embeddable":true,"href":"https:\/\/ambbratislava.esteri.it\/sk\/wp-json\/wp\/v2\/media\/7396"}],"wp:attachment":[{"href":"https:\/\/ambbratislava.esteri.it\/sk\/wp-json\/wp\/v2\/media?parent=7406"}],"wp:term":[{"taxonomy":"post_tag","embeddable":true,"href":"https:\/\/ambbratislava.esteri.it\/sk\/wp-json\/wp\/v2\/tags?post=7406"}],"curies":[{"name":"wp","href":"https:\/\/api.w.org\/{rel}","templated":true}]}}