{"id":7400,"date":"2026-02-13T09:01:11","date_gmt":"2026-02-13T08:01:11","guid":{"rendered":"https:\/\/ambbratislava.esteri.it\/?p=7400"},"modified":"2026-02-13T09:19:24","modified_gmt":"2026-02-13T08:19:24","slug":"zdvorilostna-navsteva-generalneho-prokuratora-slovenskej-republiky-marosa-zilinku","status":"publish","type":"post","link":"https:\/\/ambbratislava.esteri.it\/sk\/news\/dall_ambasciata\/2026\/02\/zdvorilostna-navsteva-generalneho-prokuratora-slovenskej-republiky-marosa-zilinku\/","title":{"rendered":"Zdvorilostn\u00e1 n\u00e1v\u0161teva gener\u00e1lneho prokur\u00e1tora Slovenskej republiky Maro\u0161a \u017dilinku"},"content":{"rendered":"<p style=\"text-align: justify;\">Ve\u013evyslanec Gianclemente De Felice uskuto\u010dnil zdvorilostn\u00fa n\u00e1v\u0161tevu gener\u00e1lneho prokur\u00e1tora Slovenskej republiky Maro\u0161a \u017dilinku. Stredobodom rozhovoru bolo posilnenie bilater\u00e1lnej spolupr\u00e1ce, najm\u00e4 v oblasti boja proti organizovan\u00e9mu zlo\u010dinu a o\u017eivenie bilater\u00e1lnych protokolov podp\u00edsan\u00fdch s Gener\u00e1lnou prokurat\u00farou pri Najvy\u0161\u0161om s\u00fade a N\u00e1rodn\u00fdm riadite\u013estvom pre boj proti mafii. Gener\u00e1lny prokur\u00e1tor n\u00e1sledne ilustroval v\u00fdvoj slovensk\u00e9ho pr\u00e1vneho poriadku v oblasti boja proti korupcii. Diskutovalo sa aj o pr\u00e1vach det\u00ed, najm\u00e4 v sporoch medzi ob\u010danmi r\u00f4znych n\u00e1rodnost\u00ed.<\/p>\n","protected":false},"excerpt":{"rendered":"Ve\u013evyslanec Gianclemente De Felice uskuto\u010dnil zdvorilostn\u00fa n\u00e1v\u0161tevu gener\u00e1lneho prokur\u00e1tora Slovenskej republiky Maro\u0161a \u017dilinku. Stredobodom rozhovoru bolo posilnenie bilater\u00e1lnej spolupr\u00e1ce, najm\u00e4 v oblasti boja proti organizovan\u00e9mu zlo\u010dinu a o\u017eivenie bilater\u00e1lnych protokolov podp\u00edsan\u00fdch s Gener\u00e1lnou prokurat\u00farou pri Najvy\u0161\u0161om s\u00fade a N\u00e1rodn\u00fdm riadite\u013estvom pre boj proti mafii. Gener\u00e1lny prokur\u00e1tor n\u00e1sledne ilustroval v\u00fdvoj slovensk\u00e9ho pr\u00e1vneho poriadku v oblasti boja [&hellip;]","protected":false},"author":13,"featured_media":7388,"comment_status":"closed","ping_status":"closed","sticky":false,"template":"","format":"standard","meta":{"footnotes":""},"tags":[10,12],"class_list":["post-7400","post","type-post","status-publish","format-standard","has-post-thumbnail","hentry","tag-diritti-umani","tag-italiani-nel-mondo"],"_links":{"self":[{"href":"https:\/\/ambbratislava.esteri.it\/sk\/wp-json\/wp\/v2\/posts\/7400","targetHints":{"allow":["GET"]}}],"collection":[{"href":"https:\/\/ambbratislava.esteri.it\/sk\/wp-json\/wp\/v2\/posts"}],"about":[{"href":"https:\/\/ambbratislava.esteri.it\/sk\/wp-json\/wp\/v2\/types\/post"}],"author":[{"embeddable":true,"href":"https:\/\/ambbratislava.esteri.it\/sk\/wp-json\/wp\/v2\/users\/13"}],"replies":[{"embeddable":true,"href":"https:\/\/ambbratislava.esteri.it\/sk\/wp-json\/wp\/v2\/comments?post=7400"}],"version-history":[{"count":1,"href":"https:\/\/ambbratislava.esteri.it\/sk\/wp-json\/wp\/v2\/posts\/7400\/revisions"}],"predecessor-version":[{"id":7402,"href":"https:\/\/ambbratislava.esteri.it\/sk\/wp-json\/wp\/v2\/posts\/7400\/revisions\/7402"}],"wp:featuredmedia":[{"embeddable":true,"href":"https:\/\/ambbratislava.esteri.it\/sk\/wp-json\/wp\/v2\/media\/7388"}],"wp:attachment":[{"href":"https:\/\/ambbratislava.esteri.it\/sk\/wp-json\/wp\/v2\/media?parent=7400"}],"wp:term":[{"taxonomy":"post_tag","embeddable":true,"href":"https:\/\/ambbratislava.esteri.it\/sk\/wp-json\/wp\/v2\/tags?post=7400"}],"curies":[{"name":"wp","href":"https:\/\/api.w.org\/{rel}","templated":true}]}}