{"id":710,"date":"2023-10-06T15:32:40","date_gmt":"2023-10-06T13:32:40","guid":{"rendered":"https:\/\/ambbratislava.esteri.it\/news\/dall_ambasciata\/2023\/10\/05-10-2023-visita-dell-ambasciatrice-2\/"},"modified":"2023-10-06T15:32:40","modified_gmt":"2023-10-06T13:32:40","slug":"05-10-2023-visita-dell-ambasciatrice-2","status":"publish","type":"post","link":"https:\/\/ambbratislava.esteri.it\/sk\/news\/dall_ambasciata\/2023\/10\/05-10-2023-visita-dell-ambasciatrice-2\/","title":{"rendered":"05.10.2023 &#8211; N\u00e1v\u0161teva ve\u013evyslankyne Flumiani vo Ve\u013ekom a Malom Krt\u00ed\u0161i"},"content":{"rendered":"<p>Ve\u013evyslanky\u0148a Catherine Flumiani v\u010dera uskuto\u010dnila n\u00e1v\u0161tevu Ve\u013ek\u00e9ho a Mal\u00e9ho Krt\u00ed\u0161a na ju\u017enom Slovensku, kde nav\u0161t\u00edvila dve talianske spolo\u010dnosti. V spolo\u010dnosti Technogym (svetov\u00fd l\u00edder v oblasti fitness a wellness rie\u0161en\u00ed) ju priv\u00edtal konate\u013e Franco Pontone, ktor\u00fd ilustroval v\u00fdsledky dosiahnut\u00e9 spolo\u010dnos\u0165ou, ktor\u00e1 p\u00f4sob\u00ed na Slovensku od roku 2006 ako jedin\u00e1 mimo Talianska. Ve\u013evyslanky\u0148a hlboko ocenila v\u00fdznam invest\u00edci\u00ed spolo\u010dnosti, pl\u00e1ny na bud\u00facu expanziu a \u00falohu, ktor\u00fa z\u00e1vod zohr\u00e1va v miestnom hospod\u00e1rstve.<\/p>\n<p>N\u00e1sledne ve\u013evyslanky\u0148a nav\u0161t\u00edvila spolo\u010dnos\u0165 SISME Slovakia v doprovode majite\u013ea Sisme Group Lucu Costantiniho, ktor\u00fd jej predstavil v\u00fdvoj, ktor\u00fdm pre\u0161iel z\u00e1vod p\u00f4sobiaci na Slovensku od roku 2007. Ve\u013evyslanky\u0148a ocenila najm\u00e4 technologick\u00e9 invest\u00edcie, ktor\u00e9 skupina, jedna z popredn\u00fdch eur\u00f3pskych spolo\u010dnost\u00ed v oblasti v\u00fdroby elektromotorov pre chladiace kompresory, na\u010falej realizuje a z ktor\u00fdch profituje aj z\u00e1vod p\u00f4sobiaci na Slovensku.<\/p>\n<p>Ve\u013evyslanky\u0148u prijal aj prim\u00e1tor mesta Ve\u013ek\u00fd Krt\u00ed\u0161 Dalibor Surko\u0161, ktor\u00fd ocenil v\u00fdznamn\u00fa \u00falohu talianskych spolo\u010dnost\u00ed, ktor\u00e9 patria medzi hlavn\u00fdch zamestn\u00e1vate\u013eov v regi\u00f3ne. S prim\u00e1torom diskutovala aj o dynamike a sp\u00f4soboch riadenia neleg\u00e1lnych migra\u010dn\u00fdch tokov v regi\u00f3ne.<\/p>\n<p>V dopolud\u0148aj\u0161\u00edch hodin\u00e1ch pred stretnut\u00edm s prim\u00e1torom ve\u013evyslanky\u0148a uskuto\u010dnila n\u00e1v\u0161tevu Gymn\u00e1zia &#8222;Augusta Horislava \u0160kult\u00e9tyho&#8220; vo Ve\u013ekom Krt\u00ed\u0161i. V sprievode t\u00edmu z Katedry romanistiky a germanistiky Filozofickej fakulty Univerzity Kon\u0161tant\u00edna Filozofa v Nitre sa ve\u013evyslanky\u0148a z\u00fa\u010dastnila prezent\u00e1cie pre \u0161tudentov gymn\u00e1zia o mo\u017enostiach \u0161t\u00fadia talianskeho jazyka v r\u00e1mci \u0161tudijn\u00fdch programov, ktor\u00e9 pon\u00faka nitrianska univerzita.<\/p>\n","protected":false},"excerpt":{"rendered":"Ve\u013evyslanky\u0148a Catherine Flumiani v\u010dera uskuto\u010dnila n\u00e1v\u0161tevu Ve\u013ek\u00e9ho a Mal\u00e9ho Krt\u00ed\u0161a na ju\u017enom Slovensku, kde nav\u0161t\u00edvila dve talianske spolo\u010dnosti. V spolo\u010dnosti Technogym (svetov\u00fd l\u00edder v oblasti fitness a wellness rie\u0161en\u00ed) ju priv\u00edtal konate\u013e Franco Pontone, ktor\u00fd ilustroval v\u00fdsledky dosiahnut\u00e9 spolo\u010dnos\u0165ou, ktor\u00e1 p\u00f4sob\u00ed na Slovensku od roku 2006 ako jedin\u00e1 mimo Talianska. Ve\u013evyslanky\u0148a hlboko ocenila v\u00fdznam invest\u00edci\u00ed [&hellip;]","protected":false},"author":1,"featured_media":0,"comment_status":"","ping_status":"","sticky":false,"template":"","format":"standard","meta":{"footnotes":""},"tags":[],"class_list":["post-710","post","type-post","status-publish","format-standard","hentry"],"_links":{"self":[{"href":"https:\/\/ambbratislava.esteri.it\/sk\/wp-json\/wp\/v2\/posts\/710","targetHints":{"allow":["GET"]}}],"collection":[{"href":"https:\/\/ambbratislava.esteri.it\/sk\/wp-json\/wp\/v2\/posts"}],"about":[{"href":"https:\/\/ambbratislava.esteri.it\/sk\/wp-json\/wp\/v2\/types\/post"}],"author":[{"embeddable":true,"href":"https:\/\/ambbratislava.esteri.it\/sk\/wp-json\/wp\/v2\/users\/1"}],"replies":[{"embeddable":true,"href":"https:\/\/ambbratislava.esteri.it\/sk\/wp-json\/wp\/v2\/comments?post=710"}],"version-history":[{"count":0,"href":"https:\/\/ambbratislava.esteri.it\/sk\/wp-json\/wp\/v2\/posts\/710\/revisions"}],"wp:attachment":[{"href":"https:\/\/ambbratislava.esteri.it\/sk\/wp-json\/wp\/v2\/media?parent=710"}],"wp:term":[{"taxonomy":"post_tag","embeddable":true,"href":"https:\/\/ambbratislava.esteri.it\/sk\/wp-json\/wp\/v2\/tags?post=710"}],"curies":[{"name":"wp","href":"https:\/\/api.w.org\/{rel}","templated":true}]}}