{"id":665,"date":"2023-10-24T12:15:38","date_gmt":"2023-10-24T10:15:38","guid":{"rendered":"https:\/\/ambbratislava.esteri.it\/news\/dall_ambasciata\/2023\/10\/23-10-2023-incontro-dell-ambasciatrice-2\/"},"modified":"2023-10-24T12:15:38","modified_gmt":"2023-10-24T10:15:38","slug":"23-10-2023-incontro-dell-ambasciatrice-2","status":"publish","type":"post","link":"https:\/\/ambbratislava.esteri.it\/sk\/news\/dall_ambasciata\/2023\/10\/23-10-2023-incontro-dell-ambasciatrice-2\/","title":{"rendered":"23.10.2023 Stretnutie ve\u013evyslankyne Flumiani so skupinou v\u00fdskumn\u00edkov z N\u00e1rodn\u00e9ho in\u0161tit\u00fatu astrofyziky (INAF) &#8211; Astronomick\u00e9ho observat\u00f3ria Brera a Univerzity Komensk\u00e9ho v Bratislave."},"content":{"rendered":"<p>Talianska ve\u013evyslanky\u0148a Catherine Flumiani v\u010dera\u00a0na ve\u013evyslanectve stretla so skupinou v\u00fdskumn\u00edkov z N\u00e1rodn\u00e9ho in\u0161tit\u00fatu astrofyziky (INAF) &#8211; Astronomick\u00e9ho observat\u00f3ria Brera a Univerzity Komensk\u00e9ho v Bratislave.<\/p>\n<p>Deleg\u00e1cia, ktor\u00fa viedol profesor Andrea Bianco &#8211; v\u00fdskumn\u00edk \u0161pecializuj\u00faci sa na fotosenzit\u00edvne optick\u00e9 materi\u00e1ly pre astron\u00f3miu v Astronomickom observat\u00f3riu Brera &#8211; a prof. Juraj T\u00f3th, predn\u00e1\u0161aj\u00faci astron\u00f3miu, fyziku Zeme a meteorol\u00f3giu na Univerzite Komensk\u00e9ho v Bratislave \u2013 predstavila ve\u013evyslankyni projekt, na ktorom taliansky a slovensk\u00fd t\u00edm spolo\u010dne pracuj\u00fa, ide o teleskop AGO 70 in\u0161talovan\u00fd na Astronomickom a geofyzik\u00e1lnom observat\u00f3riu v Modre (pri Bratislave) na pozorovanie a priestorov\u00e9 sledovanie elementov, ako s\u00fa satelity, vesm\u00edrny odpad a asteroidy. Vedci pouk\u00e1zali na to, ako t\u00e1to spolupr\u00e1ca viedla k dokon\u010deniu komponentov teleskopu, ktor\u00e9ho mechanick\u00fa \u010das\u0165 zostrojil t\u00edm zo slovenskej univerzity, ku ktorej sa pridala optick\u00e1 \u010das\u0165 pozost\u00e1vaj\u00faca zo spektrografu zostrojen\u00e9ho v\u00fdskumn\u00edkmi INAF. Toto dokon\u010denie teraz umo\u017en\u00ed vykona\u0165 prv\u00e9 testy na overenie \u00faplnej funk\u010dnosti pr\u00edstroja.<\/p>\n<p>Ve\u013evyslanky\u0148a zablaho\u017eelala v\u00fdskumn\u00edkom k v\u00fdznamnej pr\u00e1ci, ktor\u00fa doteraz vykonali, a zd\u00f4raznila, \u017ee t\u00e1to spolupr\u00e1ca umo\u017e\u0148uje upevni\u0165 vz\u0165ahy medzi Talianskom a Slovenskom v oblasti vedy a v\u00fdskumu, a vyzdvihla vysok\u00e9 odborn\u00e9 znalosti Talianska v oblasti technologick\u00fdch rie\u0161en\u00ed vo vesm\u00edrnom priestore.<\/p>\n","protected":false},"excerpt":{"rendered":"Talianska ve\u013evyslanky\u0148a Catherine Flumiani v\u010dera\u00a0na ve\u013evyslanectve stretla so skupinou v\u00fdskumn\u00edkov z N\u00e1rodn\u00e9ho in\u0161tit\u00fatu astrofyziky (INAF) &#8211; Astronomick\u00e9ho observat\u00f3ria Brera a Univerzity Komensk\u00e9ho v Bratislave. Deleg\u00e1cia, ktor\u00fa viedol profesor Andrea Bianco &#8211; v\u00fdskumn\u00edk \u0161pecializuj\u00faci sa na fotosenzit\u00edvne optick\u00e9 materi\u00e1ly pre astron\u00f3miu v Astronomickom observat\u00f3riu Brera &#8211; a prof. Juraj T\u00f3th, predn\u00e1\u0161aj\u00faci astron\u00f3miu, fyziku Zeme a meteorol\u00f3giu [&hellip;]","protected":false},"author":1,"featured_media":0,"comment_status":"","ping_status":"","sticky":false,"template":"","format":"standard","meta":{"footnotes":""},"tags":[],"class_list":["post-665","post","type-post","status-publish","format-standard","hentry"],"_links":{"self":[{"href":"https:\/\/ambbratislava.esteri.it\/sk\/wp-json\/wp\/v2\/posts\/665","targetHints":{"allow":["GET"]}}],"collection":[{"href":"https:\/\/ambbratislava.esteri.it\/sk\/wp-json\/wp\/v2\/posts"}],"about":[{"href":"https:\/\/ambbratislava.esteri.it\/sk\/wp-json\/wp\/v2\/types\/post"}],"author":[{"embeddable":true,"href":"https:\/\/ambbratislava.esteri.it\/sk\/wp-json\/wp\/v2\/users\/1"}],"replies":[{"embeddable":true,"href":"https:\/\/ambbratislava.esteri.it\/sk\/wp-json\/wp\/v2\/comments?post=665"}],"version-history":[{"count":0,"href":"https:\/\/ambbratislava.esteri.it\/sk\/wp-json\/wp\/v2\/posts\/665\/revisions"}],"wp:attachment":[{"href":"https:\/\/ambbratislava.esteri.it\/sk\/wp-json\/wp\/v2\/media?parent=665"}],"wp:term":[{"taxonomy":"post_tag","embeddable":true,"href":"https:\/\/ambbratislava.esteri.it\/sk\/wp-json\/wp\/v2\/tags?post=665"}],"curies":[{"name":"wp","href":"https:\/\/api.w.org\/{rel}","templated":true}]}}