{"id":6064,"date":"2025-02-28T16:35:01","date_gmt":"2025-02-28T15:35:01","guid":{"rendered":"https:\/\/ambbratislava.esteri.it\/?p=6064"},"modified":"2025-02-28T16:44:32","modified_gmt":"2025-02-28T15:44:32","slug":"den-talianskeho-dizajnu-vo-svete","status":"publish","type":"post","link":"https:\/\/ambbratislava.esteri.it\/sk\/news\/dall_ambasciata\/2025\/02\/den-talianskeho-dizajnu-vo-svete\/","title":{"rendered":"De\u0148 talianskeho dizajnu vo svete"},"content":{"rendered":"<p style=\"text-align: justify;\">Talianske ve\u013evyslanectvo, Taliansky kult\u00farny in\u0161tit\u00fat, Agent\u00fara ICE a\u00a0Taliansko-slovensk\u00e1 obchodn\u00e1 komora spolupracovali na zorganizovan\u00ed dvoch v\u00fdznamn\u00fdch podujat\u00ed po\u010das D\u0148a talianskeho dizajnu v\u00a0Bratislave. Zn\u00e1ma dizajn\u00e9rka Francesca Lanzavecchia, tv\u00e1r kampane v\u00a0roku 2025, sa stretla so \u0161tudentmi Fakulty architekt\u00fary a\u00a0dizajnu STU, na ktorom sa podelila o\u00a0svoje odborn\u00e9 sk\u00fasenosti a predstavila\u00a0hlavn\u00e9 \u010drty svojej tvorby. Spolu s\u00a0odborn\u00fdm zast\u00fapen\u00edm hospod\u00e1rskych subjektov z\u00a0dan\u00e9ho sektoru n\u00e1sledne absolvovala plodn\u00e9 stretnutie s\u00a0cie\u013eom upevni\u0165 znalosti o talianskom dizajne a jeho\u00a0uznanie odbornou verejnos\u0165ou. Podujatia otvoril taliansky ve\u013evyslanec Gianclemente De Felice, ktor\u00fd zd\u00f4raznil z\u00e1v\u00e4zok in\u0161tit\u00faci\u00ed a\u00a0diplomatickej siete pri propag\u00e1cii dizajnu, ktor\u00fd je pilierom \u201etalianskosti\u201c vo svete.<\/p>\n","protected":false},"excerpt":{"rendered":"Talianske ve\u013evyslanectvo, Taliansky kult\u00farny in\u0161tit\u00fat, Agent\u00fara ICE a\u00a0Taliansko-slovensk\u00e1 obchodn\u00e1 komora spolupracovali na zorganizovan\u00ed dvoch v\u00fdznamn\u00fdch podujat\u00ed po\u010das D\u0148a talianskeho dizajnu v\u00a0Bratislave. Zn\u00e1ma dizajn\u00e9rka Francesca Lanzavecchia, tv\u00e1r kampane v\u00a0roku 2025, sa stretla so \u0161tudentmi Fakulty architekt\u00fary a\u00a0dizajnu STU, na ktorom sa podelila o\u00a0svoje odborn\u00e9 sk\u00fasenosti a predstavila\u00a0hlavn\u00e9 \u010drty svojej tvorby. Spolu s\u00a0odborn\u00fdm zast\u00fapen\u00edm hospod\u00e1rskych subjektov z\u00a0dan\u00e9ho [&hellip;]","protected":false},"author":6,"featured_media":6057,"comment_status":"closed","ping_status":"closed","sticky":false,"template":"","format":"standard","meta":{"footnotes":""},"tags":[7,8],"class_list":["post-6064","post","type-post","status-publish","format-standard","has-post-thumbnail","hentry","tag-diplomazia-culturale","tag-diplomazia-economica"],"_links":{"self":[{"href":"https:\/\/ambbratislava.esteri.it\/sk\/wp-json\/wp\/v2\/posts\/6064","targetHints":{"allow":["GET"]}}],"collection":[{"href":"https:\/\/ambbratislava.esteri.it\/sk\/wp-json\/wp\/v2\/posts"}],"about":[{"href":"https:\/\/ambbratislava.esteri.it\/sk\/wp-json\/wp\/v2\/types\/post"}],"author":[{"embeddable":true,"href":"https:\/\/ambbratislava.esteri.it\/sk\/wp-json\/wp\/v2\/users\/6"}],"replies":[{"embeddable":true,"href":"https:\/\/ambbratislava.esteri.it\/sk\/wp-json\/wp\/v2\/comments?post=6064"}],"version-history":[{"count":1,"href":"https:\/\/ambbratislava.esteri.it\/sk\/wp-json\/wp\/v2\/posts\/6064\/revisions"}],"predecessor-version":[{"id":6065,"href":"https:\/\/ambbratislava.esteri.it\/sk\/wp-json\/wp\/v2\/posts\/6064\/revisions\/6065"}],"wp:featuredmedia":[{"embeddable":true,"href":"https:\/\/ambbratislava.esteri.it\/sk\/wp-json\/wp\/v2\/media\/6057"}],"wp:attachment":[{"href":"https:\/\/ambbratislava.esteri.it\/sk\/wp-json\/wp\/v2\/media?parent=6064"}],"wp:term":[{"taxonomy":"post_tag","embeddable":true,"href":"https:\/\/ambbratislava.esteri.it\/sk\/wp-json\/wp\/v2\/tags?post=6064"}],"curies":[{"name":"wp","href":"https:\/\/api.w.org\/{rel}","templated":true}]}}