{"id":5660,"date":"2024-12-27T17:04:52","date_gmt":"2024-12-27T16:04:52","guid":{"rendered":"https:\/\/ambbratislava.esteri.it\/?p=5660"},"modified":"2024-12-27T17:46:14","modified_gmt":"2024-12-27T16:46:14","slug":"oznamenie-o-prijati-1-jedneho-zmluvneho-zamestnanca-na-poziciu-vodic-operator-telefonnej-ustredne-pomocna-sila-termin-podania-ziadosti-26-1-2025","status":"publish","type":"post","link":"https:\/\/ambbratislava.esteri.it\/sk\/news\/dall_ambasciata\/2024\/12\/oznamenie-o-prijati-1-jedneho-zmluvneho-zamestnanca-na-poziciu-vodic-operator-telefonnej-ustredne-pomocna-sila-termin-podania-ziadosti-26-1-2025\/","title":{"rendered":"Ozn\u00e1menie o prijat\u00ed 1 (jedn\u00e9ho) zmluvn\u00e9ho zamestnanca na poz\u00edciu vodi\u010d \u2013 operator telef\u00f3nnej \u00fastredne \u2013 pomocn\u00e1 sila (term\u00edn podania \u017eiadosti: 26.1.2025)"},"content":{"rendered":"<p>Talianske Ve\u013evyslanectvo v Bratislave si V\u00e1s dovo\u013euje informova\u0165 o vyhl\u00e1sen\u00ed v\u00fdberov\u00e9ho konania na prijatie 1 (jedn\u00e9ho) zamestnanca na trval\u00fd pracovn\u00fd pomer. N\u00e1pl\u0148 pr\u00e1ce: vodi\u010d-oper\u00e1tor telef\u00f3nnej \u00fastredne-pomocn\u00e1 sila.<\/p>\n<p>Prihl\u00e1\u0161ky je potrebn\u00e9 predlo\u017ei\u0165 najnesk\u00f4r do 26. janu\u00e1ra 2025 do 23.59 hod.<\/p>\n<p>&nbsp;<\/p>\n<p><a href=\"https:\/\/ambbratislava.esteri.it\/wp-content\/uploads\/2024\/12\/Avviso-assunzione-autista-scad.-26-01-2025_compressed-1.pdf\">Ozn\u00e1menie o prijat\u00ed do zamestnania<\/a><\/p>\n<p><a href=\"https:\/\/ambbratislava.esteri.it\/wp-content\/uploads\/2024\/12\/2.-Fac-simile-di-Domanda-1-2-1.pdf\">Formul\u00e1r \u017eiadosti<\/a><\/p>\n<p>&nbsp;<\/p>\n","protected":false},"excerpt":{"rendered":"Talianske Ve\u013evyslanectvo v Bratislave si V\u00e1s dovo\u013euje informova\u0165 o vyhl\u00e1sen\u00ed v\u00fdberov\u00e9ho konania na prijatie 1 (jedn\u00e9ho) zamestnanca na trval\u00fd pracovn\u00fd pomer. N\u00e1pl\u0148 pr\u00e1ce: vodi\u010d-oper\u00e1tor telef\u00f3nnej \u00fastredne-pomocn\u00e1 sila. Prihl\u00e1\u0161ky je potrebn\u00e9 predlo\u017ei\u0165 najnesk\u00f4r do 26. janu\u00e1ra 2025 do 23.59 hod. &nbsp; Ozn\u00e1menie o prijat\u00ed do zamestnania Formul\u00e1r \u017eiadosti &nbsp;","protected":false},"author":4,"featured_media":0,"comment_status":"closed","ping_status":"closed","sticky":false,"template":"","format":"standard","meta":{"footnotes":""},"tags":[],"class_list":["post-5660","post","type-post","status-publish","format-standard","hentry"],"_links":{"self":[{"href":"https:\/\/ambbratislava.esteri.it\/sk\/wp-json\/wp\/v2\/posts\/5660","targetHints":{"allow":["GET"]}}],"collection":[{"href":"https:\/\/ambbratislava.esteri.it\/sk\/wp-json\/wp\/v2\/posts"}],"about":[{"href":"https:\/\/ambbratislava.esteri.it\/sk\/wp-json\/wp\/v2\/types\/post"}],"author":[{"embeddable":true,"href":"https:\/\/ambbratislava.esteri.it\/sk\/wp-json\/wp\/v2\/users\/4"}],"replies":[{"embeddable":true,"href":"https:\/\/ambbratislava.esteri.it\/sk\/wp-json\/wp\/v2\/comments?post=5660"}],"version-history":[{"count":1,"href":"https:\/\/ambbratislava.esteri.it\/sk\/wp-json\/wp\/v2\/posts\/5660\/revisions"}],"predecessor-version":[{"id":5664,"href":"https:\/\/ambbratislava.esteri.it\/sk\/wp-json\/wp\/v2\/posts\/5660\/revisions\/5664"}],"wp:attachment":[{"href":"https:\/\/ambbratislava.esteri.it\/sk\/wp-json\/wp\/v2\/media?parent=5660"}],"wp:term":[{"taxonomy":"post_tag","embeddable":true,"href":"https:\/\/ambbratislava.esteri.it\/sk\/wp-json\/wp\/v2\/tags?post=5660"}],"curies":[{"name":"wp","href":"https:\/\/api.w.org\/{rel}","templated":true}]}}