{"id":5361,"date":"2024-11-18T17:24:54","date_gmt":"2024-11-18T16:24:54","guid":{"rendered":"https:\/\/ambbratislava.esteri.it\/?p=5361"},"modified":"2024-11-18T17:29:13","modified_gmt":"2024-11-18T16:29:13","slug":"ucast-dezignovaneho-velvyslanca-talianskej-republiky-v-slovenskej-republike-gianclemente-de-felice-na-otvoreni-medzinarodnej-vedeckej-konferencie-dni-romanskych-studii-na-univerzite","status":"publish","type":"post","link":"https:\/\/ambbratislava.esteri.it\/sk\/news\/dall_ambasciata\/2024\/11\/ucast-dezignovaneho-velvyslanca-talianskej-republiky-v-slovenskej-republike-gianclemente-de-felice-na-otvoreni-medzinarodnej-vedeckej-konferencie-dni-romanskych-studii-na-univerzite\/","title":{"rendered":"U\u010das\u0165 dezignovan\u00e9ho ve\u013evyslanca Talianskej republiky v Slovenskej republike Gianclemente De Felice na otvoren\u00ed medzin\u00e1rodnej vedeckej konferencie \u201eDni rom\u00e1nskych \u0161t\u00fadi\u00ed\u201c na Univerzite Komensk\u00e9ho v Bratislave"},"content":{"rendered":"<p>Dezignovan\u00fd Ve\u013evyslanec Talianskej republiky v Slovenskej republike Gianclemente De Felice vyst\u00fapil minul\u00fd piatok 15. novembra na otvoren\u00ed medzin\u00e1rodnej vedeckej konferencie \u201eDni rom\u00e1nskych \u0161t\u00fadi\u00ed &#8211; Rom\u00e1nske jazyky v pohybe\u201c, ktor\u00fa v d\u0148och 15. a 16. novembra zorganizovala Katedra rom\u00e1nskych jazykov Filozofickej fakulty Univerzity Komensk\u00e9ho v Bratislave.<\/p>\n<p>Ve\u013evyslanec De Felice vo svojom pr\u00edhovore pripomenul dynamick\u00fd a modern\u00fd charakter talianskeho jazyka, ktor\u00fd je odrazom inovat\u00edvnej krajiny s ve\u013ekou pr\u00ed\u0165a\u017elivos\u0165ou pre mlad\u00fdch slovensk\u00fdch \u0161tudentov. Z\u00e1rove\u0148 zd\u00f4raznil, \u017ee \u0161\u00edrenie talianskeho jazyka a kult\u00fary je prioritou vl\u00e1dy Talianskej republiky a \u017ee ve\u013evyslanectvo chce v tomto smere podporova\u0165 \u010doraz u\u017e\u0161iu spolupr\u00e1cu so slovensk\u00fdmi verejn\u00fdmi in\u0161tit\u00faciami a akademick\u00fdmi centrami.<\/p>\n","protected":false},"excerpt":{"rendered":"Dezignovan\u00fd Ve\u013evyslanec Talianskej republiky v Slovenskej republike Gianclemente De Felice vyst\u00fapil minul\u00fd piatok 15. novembra na otvoren\u00ed medzin\u00e1rodnej vedeckej konferencie \u201eDni rom\u00e1nskych \u0161t\u00fadi\u00ed &#8211; Rom\u00e1nske jazyky v pohybe\u201c, ktor\u00fa v d\u0148och 15. a 16. novembra zorganizovala Katedra rom\u00e1nskych jazykov Filozofickej fakulty Univerzity Komensk\u00e9ho v Bratislave. Ve\u013evyslanec De Felice vo svojom pr\u00edhovore pripomenul dynamick\u00fd a modern\u00fd [&hellip;]","protected":false},"author":4,"featured_media":5357,"comment_status":"closed","ping_status":"closed","sticky":false,"template":"","format":"standard","meta":{"footnotes":""},"tags":[7],"class_list":["post-5361","post","type-post","status-publish","format-standard","has-post-thumbnail","hentry","tag-diplomazia-culturale"],"_links":{"self":[{"href":"https:\/\/ambbratislava.esteri.it\/sk\/wp-json\/wp\/v2\/posts\/5361","targetHints":{"allow":["GET"]}}],"collection":[{"href":"https:\/\/ambbratislava.esteri.it\/sk\/wp-json\/wp\/v2\/posts"}],"about":[{"href":"https:\/\/ambbratislava.esteri.it\/sk\/wp-json\/wp\/v2\/types\/post"}],"author":[{"embeddable":true,"href":"https:\/\/ambbratislava.esteri.it\/sk\/wp-json\/wp\/v2\/users\/4"}],"replies":[{"embeddable":true,"href":"https:\/\/ambbratislava.esteri.it\/sk\/wp-json\/wp\/v2\/comments?post=5361"}],"version-history":[{"count":1,"href":"https:\/\/ambbratislava.esteri.it\/sk\/wp-json\/wp\/v2\/posts\/5361\/revisions"}],"predecessor-version":[{"id":5362,"href":"https:\/\/ambbratislava.esteri.it\/sk\/wp-json\/wp\/v2\/posts\/5361\/revisions\/5362"}],"wp:featuredmedia":[{"embeddable":true,"href":"https:\/\/ambbratislava.esteri.it\/sk\/wp-json\/wp\/v2\/media\/5357"}],"wp:attachment":[{"href":"https:\/\/ambbratislava.esteri.it\/sk\/wp-json\/wp\/v2\/media?parent=5361"}],"wp:term":[{"taxonomy":"post_tag","embeddable":true,"href":"https:\/\/ambbratislava.esteri.it\/sk\/wp-json\/wp\/v2\/tags?post=5361"}],"curies":[{"name":"wp","href":"https:\/\/api.w.org\/{rel}","templated":true}]}}