{"id":5188,"date":"2024-10-11T10:07:42","date_gmt":"2024-10-11T08:07:42","guid":{"rendered":"https:\/\/ambbratislava.esteri.it\/?p=5188"},"modified":"2024-10-11T12:05:13","modified_gmt":"2024-10-11T10:05:13","slug":"10-10-2024-rozluckove-stretnutie-velvyslankyne-flumiani-s-ministrom-zahranicnych-veci-a-europskych-zalezitosti-sr-jurajom-blanarom","status":"publish","type":"post","link":"https:\/\/ambbratislava.esteri.it\/sk\/news\/dall_ambasciata\/2024\/10\/10-10-2024-rozluckove-stretnutie-velvyslankyne-flumiani-s-ministrom-zahranicnych-veci-a-europskych-zalezitosti-sr-jurajom-blanarom\/","title":{"rendered":"10.10.2024 Rozl\u00fa\u010dkov\u00e9 stretnutie ve\u013evyslankyne Flumiani s ministrom zahrani\u010dn\u00fdch vec\u00ed a eur\u00f3pskych z\u00e1le\u017eitost\u00ed SR Jurajom Blan\u00e1rom"},"content":{"rendered":"<p>Ve\u013evyslanky\u0148a Talianska na Slovensku Catherine Flumiani sa v s\u00favislosti s ukon\u010den\u00edm svojej misie v Bratislave v\u010dera rozl\u00fa\u010dila s Ministrom zahrani\u010dn\u00fdch vec\u00ed a eur\u00f3pskych z\u00e1le\u017eitost\u00ed SR Jurajom Blan\u00e1rom.<\/p>\n<p>Minister Blan\u00e1r po\u010das srde\u010dn\u00e9ho rozhovoru vyjadril ve\u013ek\u00fa spokojnos\u0165 s kvalitou bilater\u00e1lnych vz\u0165ahov s Talianskom, od politick\u00e9ho dial\u00f3gu, cez hospod\u00e1rsku a energetick\u00fa spolupr\u00e1cu, a\u017e po spolupr\u00e1cu v oblasti obrany. Minister odovzdal ve\u013evyslankyni zlat\u00fa medailu Ministerstva zahrani\u010dn\u00fdch vec\u00ed a eur\u00f3pskych z\u00e1le\u017eitost\u00ed SR, ako ocenenie jej pr\u00ednosu do bilater\u00e1lnych vz\u0165ahov a do rozvoja hospod\u00e1rskej spolupr\u00e1ce medzi oboma krajinami.<\/p>\n<p>Ve\u013evyslanky\u0148a vyjadrila hlbok\u00fa v\u010faku za toto uznanie a po\u010fakovala sa ministrovi Blan\u00e1rovi za neust\u00e1lu pozornos\u0165 venovan\u00fa spolupr\u00e1ci s Talianskom, i za r\u00f4zne pr\u00edle\u017eitosti na stretnutia a diskusie o t\u00e9mach najvy\u0161\u0161ieho z\u00e1ujmu na eur\u00f3pskej \u00farovni.<\/p>\n<p>V ten ist\u00fd de\u0148 sa ve\u013evyslanky\u0148a z\u00fa\u010dastnila aj na stretnut\u00ed predsedu vl\u00e1dy Roberta Fica s ved\u00facimi predstavite\u013emi E\u00da v s\u00favislosti so zasadnut\u00edm Eur\u00f3pskej rady 17. &#8211; 18. okt\u00f3bra.<\/p>\n<p>&nbsp;<\/p>\n","protected":false},"excerpt":{"rendered":"Ve\u013evyslanky\u0148a Talianska na Slovensku Catherine Flumiani sa v s\u00favislosti s ukon\u010den\u00edm svojej misie v Bratislave v\u010dera rozl\u00fa\u010dila s Ministrom zahrani\u010dn\u00fdch vec\u00ed a eur\u00f3pskych z\u00e1le\u017eitost\u00ed SR Jurajom Blan\u00e1rom. Minister Blan\u00e1r po\u010das srde\u010dn\u00e9ho rozhovoru vyjadril ve\u013ek\u00fa spokojnos\u0165 s kvalitou bilater\u00e1lnych vz\u0165ahov s Talianskom, od politick\u00e9ho dial\u00f3gu, cez hospod\u00e1rsku a energetick\u00fa spolupr\u00e1cu, a\u017e po spolupr\u00e1cu v oblasti obrany. [&hellip;]","protected":false},"author":4,"featured_media":5181,"comment_status":"closed","ping_status":"closed","sticky":false,"template":"","format":"standard","meta":{"footnotes":""},"tags":[14,15],"class_list":["post-5188","post","type-post","status-publish","format-standard","has-post-thumbnail","hentry","tag-politica-estera","tag-unione-europea"],"_links":{"self":[{"href":"https:\/\/ambbratislava.esteri.it\/sk\/wp-json\/wp\/v2\/posts\/5188","targetHints":{"allow":["GET"]}}],"collection":[{"href":"https:\/\/ambbratislava.esteri.it\/sk\/wp-json\/wp\/v2\/posts"}],"about":[{"href":"https:\/\/ambbratislava.esteri.it\/sk\/wp-json\/wp\/v2\/types\/post"}],"author":[{"embeddable":true,"href":"https:\/\/ambbratislava.esteri.it\/sk\/wp-json\/wp\/v2\/users\/4"}],"replies":[{"embeddable":true,"href":"https:\/\/ambbratislava.esteri.it\/sk\/wp-json\/wp\/v2\/comments?post=5188"}],"version-history":[{"count":1,"href":"https:\/\/ambbratislava.esteri.it\/sk\/wp-json\/wp\/v2\/posts\/5188\/revisions"}],"predecessor-version":[{"id":5191,"href":"https:\/\/ambbratislava.esteri.it\/sk\/wp-json\/wp\/v2\/posts\/5188\/revisions\/5191"}],"wp:featuredmedia":[{"embeddable":true,"href":"https:\/\/ambbratislava.esteri.it\/sk\/wp-json\/wp\/v2\/media\/5181"}],"wp:attachment":[{"href":"https:\/\/ambbratislava.esteri.it\/sk\/wp-json\/wp\/v2\/media?parent=5188"}],"wp:term":[{"taxonomy":"post_tag","embeddable":true,"href":"https:\/\/ambbratislava.esteri.it\/sk\/wp-json\/wp\/v2\/tags?post=5188"}],"curies":[{"name":"wp","href":"https:\/\/api.w.org\/{rel}","templated":true}]}}