{"id":5056,"date":"2024-09-23T18:30:46","date_gmt":"2024-09-23T16:30:46","guid":{"rendered":"https:\/\/ambbratislava.esteri.it\/?p=5056"},"modified":"2024-09-23T18:32:39","modified_gmt":"2024-09-23T16:32:39","slug":"visita-dellambasciatrice-flumiani-al-liceo-l-saru-di-bratislava","status":"publish","type":"post","link":"https:\/\/ambbratislava.esteri.it\/sk\/news\/dall_ambasciata\/2024\/09\/visita-dellambasciatrice-flumiani-al-liceo-l-saru-di-bratislava\/","title":{"rendered":"N\u00e1v\u0161teva ve\u013evyslanky\u0148a Flumiani na Gymn\u00e1ziu L. Saru v Bratislave"},"content":{"rendered":"<p>Talianska ve\u013evyslanky\u0148a na Slovensku Catherine Flumiani nav\u0161t\u00edvila v pondelok 23.09. Gymn\u00e1zium na ulici Ladislava S\u00e1ru v Bratislave, kde od roku 1991 p\u00f4sob\u00ed dvojjazy\u010dn\u00e1 taliansko-slovensk\u00e1 sekcia, ktor\u00fa dnes nav\u0161tevuje 197 \u0161tudentov.<\/p>\n<p>Ve\u013evyslanky\u0148a sa stretla s riadite\u013ekou gymn\u00e1zia, profesorkou Evou Ihringovou, s ved\u00facou bilingv\u00e1lnej sekcie, profesorkou Ivetou Holubcovou, s pedag\u00f3gmi sekcie vr\u00e1tane st\u00e1lych u\u010dite\u013eov vyslan\u00fdch Ministerstvom zahrani\u010dn\u00fdch vec\u00ed a medzin\u00e1rodnej spolupr\u00e1ce Talianskej republiky a so \u0161tudentami bilingv\u00e1lnej sekcie. Ve\u013evyslanky\u0148a sa srde\u010dne po\u010fakovala predstavite\u013eom a pedag\u00f3gom bilingv\u00e1lnej sekcie za ich v\u00fdznamn\u00fd pr\u00ednos k \u0161\u00edreniu talianskeho jazyka a kult\u00fary medzi mlad\u00fdmi \u013eu\u010fmi, vyzdvihla z\u00e1sadn\u00fa \u00falohu vzdel\u00e1vania pri upev\u0148ovan\u00ed bilater\u00e1lnych vz\u0165ahov medzi oboma krajinami a vyjadrila presved\u010denie, \u017ee Gymn\u00e1zium na ulici Ladislava S\u00e1ru zostane aj na\u010falej maj\u00e1kom v\u00fdu\u010dby talian\u010diny na Slovensku.<\/p>\n<p>Po\u010das stretnutia si z\u00fa\u010dastnen\u00ed pripomenuli po\u010detn\u00e9 aktivity realizovan\u00e9 v spolupr\u00e1ci s ve\u013evyslanectvom a s Talianskym kult\u00farnym in\u0161tit\u00fatom v Bratislave, najm\u00e4 v r\u00e1mci T\u00fd\u017ed\u0148a talianskeho jazyka vo svete.\u00a0 Na z\u00e1ver stretnutia ve\u013evyslanky\u0148a symbolicky zasadila v \u0161kolskej z\u00e1hrade oleandrov\u00fd strom, ako pamiatku na plodn\u00fa spolupr\u00e1cu po\u010das jej p\u00f4sobenia v Bratislave.<\/p>\n","protected":false},"excerpt":{"rendered":"Talianska ve\u013evyslanky\u0148a na Slovensku Catherine Flumiani nav\u0161t\u00edvila v pondelok 23.09. Gymn\u00e1zium na ulici Ladislava S\u00e1ru v Bratislave, kde od roku 1991 p\u00f4sob\u00ed dvojjazy\u010dn\u00e1 taliansko-slovensk\u00e1 sekcia, ktor\u00fa dnes nav\u0161tevuje 197 \u0161tudentov. Ve\u013evyslanky\u0148a sa stretla s riadite\u013ekou gymn\u00e1zia, profesorkou Evou Ihringovou, s ved\u00facou bilingv\u00e1lnej sekcie, profesorkou Ivetou Holubcovou, s pedag\u00f3gmi sekcie vr\u00e1tane st\u00e1lych u\u010dite\u013eov vyslan\u00fdch Ministerstvom zahrani\u010dn\u00fdch [&hellip;]","protected":false},"author":4,"featured_media":5058,"comment_status":"closed","ping_status":"closed","sticky":false,"template":"","format":"standard","meta":{"footnotes":""},"tags":[7],"class_list":["post-5056","post","type-post","status-publish","format-standard","has-post-thumbnail","hentry","tag-diplomazia-culturale"],"_links":{"self":[{"href":"https:\/\/ambbratislava.esteri.it\/sk\/wp-json\/wp\/v2\/posts\/5056","targetHints":{"allow":["GET"]}}],"collection":[{"href":"https:\/\/ambbratislava.esteri.it\/sk\/wp-json\/wp\/v2\/posts"}],"about":[{"href":"https:\/\/ambbratislava.esteri.it\/sk\/wp-json\/wp\/v2\/types\/post"}],"author":[{"embeddable":true,"href":"https:\/\/ambbratislava.esteri.it\/sk\/wp-json\/wp\/v2\/users\/4"}],"replies":[{"embeddable":true,"href":"https:\/\/ambbratislava.esteri.it\/sk\/wp-json\/wp\/v2\/comments?post=5056"}],"version-history":[{"count":2,"href":"https:\/\/ambbratislava.esteri.it\/sk\/wp-json\/wp\/v2\/posts\/5056\/revisions"}],"predecessor-version":[{"id":5066,"href":"https:\/\/ambbratislava.esteri.it\/sk\/wp-json\/wp\/v2\/posts\/5056\/revisions\/5066"}],"wp:featuredmedia":[{"embeddable":true,"href":"https:\/\/ambbratislava.esteri.it\/sk\/wp-json\/wp\/v2\/media\/5058"}],"wp:attachment":[{"href":"https:\/\/ambbratislava.esteri.it\/sk\/wp-json\/wp\/v2\/media?parent=5056"}],"wp:term":[{"taxonomy":"post_tag","embeddable":true,"href":"https:\/\/ambbratislava.esteri.it\/sk\/wp-json\/wp\/v2\/tags?post=5056"}],"curies":[{"name":"wp","href":"https:\/\/api.w.org\/{rel}","templated":true}]}}