{"id":4569,"date":"2024-07-30T16:58:57","date_gmt":"2024-07-30T14:58:57","guid":{"rendered":"https:\/\/ambbratislava.esteri.it\/?p=4569"},"modified":"2024-07-30T16:59:41","modified_gmt":"2024-07-30T14:59:41","slug":"recepciu-na-pocest-riaditelky-talianskeho-kulturneho-institutu-alessandry-sanniti-ktorej-sa-skoncilo-funkcne-obdobie","status":"publish","type":"post","link":"https:\/\/ambbratislava.esteri.it\/sk\/news\/dall_ambasciata\/2024\/07\/recepciu-na-pocest-riaditelky-talianskeho-kulturneho-institutu-alessandry-sanniti-ktorej-sa-skoncilo-funkcne-obdobie\/","title":{"rendered":"Recepciu na po\u010des\u0165 riadite\u013eky Talianskeho kult\u00farneho in\u0161tit\u00fatu, Alessandry Sanniti, ktorej sa skon\u010dilo funk\u010dn\u00e9 obdobie."},"content":{"rendered":"<p>Ve\u013evyslanky\u0148a Talianska v Bratislave Catherine Flumiani v\u010dera vo svojej Rezidencii usporiadala recepciu na po\u010des\u0165 riadite\u013eky Talianskeho kult\u00farneho in\u0161tit\u00fatu, Alessandry Sanniti, ktorej sa skon\u010dilo funk\u010dn\u00e9 obdobie v Bratislave. Na recepcii sa z\u00fa\u010dastnili predstavitelia miestneho kult\u00farneho sveta, ako aj viacer\u00ed talianski profesori a vedeck\u00ed pracovn\u00edci, s ktor\u00fdmi in\u0161tit\u00fat v posledn\u00fdch rokoch spolupracoval.<\/p>\n<p>Ve\u013evyslanky\u0148a chcela oceni\u0165 \u00fasilie, ktor\u00e9 riadite\u013eka Sanniti a v\u0161etci pracovn\u00edci in\u0161tit\u00fatu vynalo\u017eili na neust\u00e1le a rozsiahle \u0161\u00edrenie talianskeho jazyka a kult\u00fary na Slovensku po\u010das rokov svojho p\u00f4sobenia na \u010dele in\u0161tit\u00fatu, pri\u010dom pripomenula najm\u00e4 pozornos\u0165 venovan\u00fa aspektom, ktor\u00e9 s\u00fa u\u017e\u0161ie sp\u00e4t\u00e9 so s\u00fa\u010dasn\u00fdm svetom, a organizovanie kult\u00farnych iniciat\u00edv v mnoh\u00fdch oblastiach, ktor\u00e9 sa stretli s ve\u013ek\u00fdm \u00faspechom medzi slovensk\u00fdm publikom. Ide najm\u00e4 o v\u00fdstavu venovan\u00fa sl\u00e1vnej portr\u00e9tnej fotografke 20. storo\u010dia M\u00e1rii Mulas (organizovan\u00e1 v roku 2022 v Slovenskom n\u00e1rodnom m\u00fazeu) a v\u00fdstavu \u00a0Mimma Rotellu (organizovan\u00fa v roku 2023 v prest\u00ed\u017enom prostred\u00ed Bratislavsk\u00e9ho hradu a otvoren\u00e1 pri pr\u00edle\u017eitosti ofici\u00e1lnej n\u00e1v\u0161tevy Prezidenta republiky Sergia Mattarellu na Slovensku), ako aj koncert hudobn\u00e9ho s\u00faboru stredovekej hudby Murmur Mori v okt\u00f3bri minul\u00e9ho roka v sugest\u00edvnom prostred\u00ed Katedr\u00e1ly sv\u00e4t\u00e9ho Emer\u00e1na v Nitre a po\u010detn\u00e9 stretnutia so zn\u00e1mymi talianskymi spisovate\u013emi, ktor\u00fdch rom\u00e1ny boli ned\u00e1vno prelo\u017een\u00e9 do sloven\u010diny (Giulia Caminito, Giuseppe Catozzella, Veronica Raimo). Ve\u013evyslanky\u0148a pripomenula aj anga\u017eovanos\u0165 in\u0161tit\u00fatu pri propag\u00e1cii talianskej kult\u00fary v celej krajine, pri\u010dom iniciat\u00edvy sa uskuto\u010dnili v \u017diline, Ru\u017eomberku, Spi\u0161skej Kapitule a Ko\u0161iciach.<\/p>\n<p>\u201eRoky mojej misie v Bratislave boli pre m\u0148a mimoriadnou profesion\u00e1lnou a \u013eudskou sk\u00fasenos\u0165ou. Odn\u00e1\u0161am si so sebou spomienku na mnoh\u00e9 \u00fa\u017easn\u00e9 iniciat\u00edvy, ktor\u00e9 sa zrealizovali aj v\u010faka spolupr\u00e1ci s Talianskym ve\u013evyslanectvom, Taliansko-slovenskou obchodnou komorou a podpore na\u0161ich sponzorov a partnerov \u201cSistema Paese,\u201c povedala riadite\u013eka Sanniti. \u201eTaliansky kult\u00farny in\u0161tit\u00fat je a v\u017edy zostane z\u00e1kladn\u00fdm referen\u010dn\u00fdm bodom pre taliansku kult\u00faru na Slovensku a pre priate\u013estvo medzi Talianskom a Slovenskom.\u201d<\/p>\n<p>&nbsp;<\/p>\n","protected":false},"excerpt":{"rendered":"Ve\u013evyslanky\u0148a Talianska v Bratislave Catherine Flumiani v\u010dera vo svojej Rezidencii usporiadala recepciu na po\u010des\u0165 riadite\u013eky Talianskeho kult\u00farneho in\u0161tit\u00fatu, Alessandry Sanniti, ktorej sa skon\u010dilo funk\u010dn\u00e9 obdobie v Bratislave. Na recepcii sa z\u00fa\u010dastnili predstavitelia miestneho kult\u00farneho sveta, ako aj viacer\u00ed talianski profesori a vedeck\u00ed pracovn\u00edci, s ktor\u00fdmi in\u0161tit\u00fat v posledn\u00fdch rokoch spolupracoval. Ve\u013evyslanky\u0148a chcela oceni\u0165 \u00fasilie, ktor\u00e9 [&hellip;]","protected":false},"author":4,"featured_media":4563,"comment_status":"closed","ping_status":"closed","sticky":false,"template":"","format":"standard","meta":{"footnotes":""},"tags":[7],"class_list":["post-4569","post","type-post","status-publish","format-standard","has-post-thumbnail","hentry","tag-diplomazia-culturale"],"_links":{"self":[{"href":"https:\/\/ambbratislava.esteri.it\/sk\/wp-json\/wp\/v2\/posts\/4569","targetHints":{"allow":["GET"]}}],"collection":[{"href":"https:\/\/ambbratislava.esteri.it\/sk\/wp-json\/wp\/v2\/posts"}],"about":[{"href":"https:\/\/ambbratislava.esteri.it\/sk\/wp-json\/wp\/v2\/types\/post"}],"author":[{"embeddable":true,"href":"https:\/\/ambbratislava.esteri.it\/sk\/wp-json\/wp\/v2\/users\/4"}],"replies":[{"embeddable":true,"href":"https:\/\/ambbratislava.esteri.it\/sk\/wp-json\/wp\/v2\/comments?post=4569"}],"version-history":[{"count":1,"href":"https:\/\/ambbratislava.esteri.it\/sk\/wp-json\/wp\/v2\/posts\/4569\/revisions"}],"predecessor-version":[{"id":4571,"href":"https:\/\/ambbratislava.esteri.it\/sk\/wp-json\/wp\/v2\/posts\/4569\/revisions\/4571"}],"wp:featuredmedia":[{"embeddable":true,"href":"https:\/\/ambbratislava.esteri.it\/sk\/wp-json\/wp\/v2\/media\/4563"}],"wp:attachment":[{"href":"https:\/\/ambbratislava.esteri.it\/sk\/wp-json\/wp\/v2\/media?parent=4569"}],"wp:term":[{"taxonomy":"post_tag","embeddable":true,"href":"https:\/\/ambbratislava.esteri.it\/sk\/wp-json\/wp\/v2\/tags?post=4569"}],"curies":[{"name":"wp","href":"https:\/\/api.w.org\/{rel}","templated":true}]}}