{"id":2967,"date":"2023-12-13T17:45:01","date_gmt":"2023-12-13T16:45:01","guid":{"rendered":"https:\/\/ambbratislava.esteri.it\/?p=2967"},"modified":"2023-12-13T17:46:40","modified_gmt":"2023-12-13T16:46:40","slug":"slavnostne-odovzdavanie-cien-vitazom-tretieho-rocnika-sutaze-raccontare-in-italiano-v-bratislave","status":"publish","type":"post","link":"https:\/\/ambbratislava.esteri.it\/sk\/news\/dall_ambasciata\/2023\/12\/slavnostne-odovzdavanie-cien-vitazom-tretieho-rocnika-sutaze-raccontare-in-italiano-v-bratislave\/","title":{"rendered":"Sl\u00e1vnostn\u00e9 odovzd\u00e1vanie cien v\u00ed\u0165azom tretieho ro\u010dn\u00edka s\u00fa\u0165a\u017ee &#8222;Raccontare in italiano&#8220; v Bratislave"},"content":{"rendered":"<p>Vlani 7. decembra sa v Univerzitnej kni\u017enici v Bratislave uskuto\u010dnilo sl\u00e1vnostn\u00e9 odovzd\u00e1vanie cien v\u00ed\u0165azom tretieho ro\u010dn\u00edka s\u00fa\u0165a\u017ee &#8222;Raccontare in italiano&#8220;. Do s\u00fa\u0165a\u017ee, ktor\u00fa organizovalo Ve\u013evyslanectvo Talianskej republiky v Bratislave v spolupr\u00e1ci s Eduitalia a Talianskym kult\u00farnym in\u0161tit\u00fatom pri pr\u00edle\u017eitosti XXIII. t\u00fd\u017ed\u0148a talianskeho jazyka vo svete, sa zapojili \u0161tudenti stredn\u00fdch \u0161k\u00f4l a prv\u00e9ho stup\u0148a vysok\u00fdch \u0161k\u00f4l s v\u00fdu\u010dbou talianskeho jazyka na Slovensku.<\/p>\n<p>&nbsp;<\/p>\n<p>\u00da\u010dastn\u00edci, poch\u00e1dzaj\u00faci z r\u00f4znych \u0161k\u00f4l a univerz\u00edt v krajine (Nitra, Pre\u0161ov, Trebi\u0161ov, Ko\u0161ice a Ru\u017eomberok, ako aj hlavn\u00e9 mesto), vypracovali p\u00edsomn\u00e9 pr\u00e1ce zameran\u00e9 na t\u00e9my udr\u017eate\u013enosti a diela Itala Calvina, ktor\u00e9ho 100. v\u00fdro\u010die narodenia si tento rok pripom\u00edname.<\/p>\n<p>V\u00ed\u0165azi bud\u00fa m\u00f4c\u0165 vyu\u017ei\u0165 p\u00e4\u0165 \u0161tudijn\u00fdch pobytov v Taliansku, ktor\u00e9 im poskytne niektor\u00fd zo 115 in\u0161tit\u00fatov zdru\u017een\u00fdch v Eduitalia, ktor\u00e9 pon\u00fakaj\u00fa kurzy pre zahrani\u010dn\u00fdch \u0161tudentov. Na sl\u00e1vnostnom odovzd\u00e1van\u00ed sa z\u00fa\u010dastnili aj mnoh\u00ed vysoko\u0161kolsk\u00ed a stredo\u0161kolski u\u010ditelia.<\/p>\n<p>&nbsp;<\/p>\n<p>Ve\u013evyslanky\u0148a Catherine Flumiani vyjadrila spokojnos\u0165 so st\u00e1le rast\u00facou \u00fa\u010das\u0165ou v s\u00fa\u0165a\u017ei, ktor\u00e1 sa potvrdzuje ako jedno z najd\u00f4le\u017eitej\u0161\u00edch podujat\u00ed na podporu talianskeho jazyka medzi \u0161tudentmi na Slovensku. Ve\u013evyslanky\u0148a po\u010fakovala mana\u017e\u00e9rovi pre komunik\u00e1ciu spolo\u010dnosti Eduitalia Emmanuelovi Maiovi, ktor\u00fd bol pr\u00edtomn\u00fd na podujat\u00ed, za jeho tohtoro\u010dn\u00fa podporu a vyjadrila spokojnos\u0165 s h\u013abkou \u00favah \u0161tudentov, \u0161tylistickou \u00farov\u0148ou a kreativitou v\u00ed\u0165azn\u00fdch pr\u00e1c, ktor\u00fa ocenili \u010dlenovia poroty.<\/p>\n","protected":false},"excerpt":{"rendered":"Vlani 7. decembra sa v Univerzitnej kni\u017enici v Bratislave uskuto\u010dnilo sl\u00e1vnostn\u00e9 odovzd\u00e1vanie cien v\u00ed\u0165azom tretieho ro\u010dn\u00edka s\u00fa\u0165a\u017ee &#8222;Raccontare in italiano&#8220;. Do s\u00fa\u0165a\u017ee, ktor\u00fa organizovalo Ve\u013evyslanectvo Talianskej republiky v Bratislave v spolupr\u00e1ci s Eduitalia a Talianskym kult\u00farnym in\u0161tit\u00fatom pri pr\u00edle\u017eitosti XXIII. t\u00fd\u017ed\u0148a talianskeho jazyka vo svete, sa zapojili \u0161tudenti stredn\u00fdch \u0161k\u00f4l a prv\u00e9ho stup\u0148a vysok\u00fdch \u0161k\u00f4l [&hellip;]","protected":false},"author":4,"featured_media":0,"comment_status":"closed","ping_status":"closed","sticky":false,"template":"","format":"standard","meta":{"footnotes":""},"tags":[7],"class_list":["post-2967","post","type-post","status-publish","format-standard","hentry","tag-diplomazia-culturale"],"_links":{"self":[{"href":"https:\/\/ambbratislava.esteri.it\/sk\/wp-json\/wp\/v2\/posts\/2967","targetHints":{"allow":["GET"]}}],"collection":[{"href":"https:\/\/ambbratislava.esteri.it\/sk\/wp-json\/wp\/v2\/posts"}],"about":[{"href":"https:\/\/ambbratislava.esteri.it\/sk\/wp-json\/wp\/v2\/types\/post"}],"author":[{"embeddable":true,"href":"https:\/\/ambbratislava.esteri.it\/sk\/wp-json\/wp\/v2\/users\/4"}],"replies":[{"embeddable":true,"href":"https:\/\/ambbratislava.esteri.it\/sk\/wp-json\/wp\/v2\/comments?post=2967"}],"version-history":[{"count":1,"href":"https:\/\/ambbratislava.esteri.it\/sk\/wp-json\/wp\/v2\/posts\/2967\/revisions"}],"predecessor-version":[{"id":2969,"href":"https:\/\/ambbratislava.esteri.it\/sk\/wp-json\/wp\/v2\/posts\/2967\/revisions\/2969"}],"wp:attachment":[{"href":"https:\/\/ambbratislava.esteri.it\/sk\/wp-json\/wp\/v2\/media?parent=2967"}],"wp:term":[{"taxonomy":"post_tag","embeddable":true,"href":"https:\/\/ambbratislava.esteri.it\/sk\/wp-json\/wp\/v2\/tags?post=2967"}],"curies":[{"name":"wp","href":"https:\/\/api.w.org\/{rel}","templated":true}]}}