{"id":2738,"date":"2013-06-28T08:43:05","date_gmt":"2013-06-28T06:43:05","guid":{"rendered":"https:\/\/ambbratislava.esteri.it\/news\/dall_ambasciata\/2013\/06\/avviso-agli-studenti-2\/"},"modified":"2013-06-28T08:43:05","modified_gmt":"2013-06-28T06:43:05","slug":"avviso-agli-studenti-2","status":"publish","type":"post","link":"https:\/\/ambbratislava.esteri.it\/sk\/news\/dall_ambasciata\/2013\/06\/avviso-agli-studenti-2\/","title":{"rendered":"OZNAM PRE \u0160TUDENTOV"},"content":{"rendered":"<p>Informujeme V\u00e1s, \u017ee Talianske ve\u013evyslanectvo v Bratislave vyd\u00e1va <A href=\"\/resource\/2013\/06\/68531_f_amb61Osvedcenieovzdelani.doc\">Osved\u010denia o vzdelan\u00ed<\/A>\u00a0a <A href=\"\/resource\/2013\/08\/69779_f_amb61Potvrdenieoprjme_agg27ago2013_sito.doc\">Potvrdenia o v\u00fd\u0161ke pr\u00edjmu<\/A>\u00a0len na z\u00e1klade predch\u00e1dzaj\u00faceho ohl\u00e1senia. Term\u00edn a \u010das stretnutia je\u00a0potrebn\u00e9 si\u00a0dohodn\u00fa\u0165 vopred na telef\u00f3nnom \u010d\u00edsle 02-59800011.<\/p>\n","protected":false},"excerpt":{"rendered":"Informujeme V\u00e1s, \u017ee Talianske ve\u013evyslanectvo v Bratislave vyd\u00e1va Osved\u010denia o vzdelan\u00ed\u00a0a Potvrdenia o v\u00fd\u0161ke pr\u00edjmu\u00a0len na z\u00e1klade predch\u00e1dzaj\u00faceho ohl\u00e1senia. Term\u00edn a \u010das stretnutia je\u00a0potrebn\u00e9 si\u00a0dohodn\u00fa\u0165 vopred na telef\u00f3nnom \u010d\u00edsle 02-59800011.","protected":false},"author":1,"featured_media":0,"comment_status":"","ping_status":"","sticky":false,"template":"","format":"standard","meta":{"footnotes":""},"tags":[],"class_list":["post-2738","post","type-post","status-publish","format-standard","hentry"],"_links":{"self":[{"href":"https:\/\/ambbratislava.esteri.it\/sk\/wp-json\/wp\/v2\/posts\/2738","targetHints":{"allow":["GET"]}}],"collection":[{"href":"https:\/\/ambbratislava.esteri.it\/sk\/wp-json\/wp\/v2\/posts"}],"about":[{"href":"https:\/\/ambbratislava.esteri.it\/sk\/wp-json\/wp\/v2\/types\/post"}],"author":[{"embeddable":true,"href":"https:\/\/ambbratislava.esteri.it\/sk\/wp-json\/wp\/v2\/users\/1"}],"replies":[{"embeddable":true,"href":"https:\/\/ambbratislava.esteri.it\/sk\/wp-json\/wp\/v2\/comments?post=2738"}],"version-history":[{"count":0,"href":"https:\/\/ambbratislava.esteri.it\/sk\/wp-json\/wp\/v2\/posts\/2738\/revisions"}],"wp:attachment":[{"href":"https:\/\/ambbratislava.esteri.it\/sk\/wp-json\/wp\/v2\/media?parent=2738"}],"wp:term":[{"taxonomy":"post_tag","embeddable":true,"href":"https:\/\/ambbratislava.esteri.it\/sk\/wp-json\/wp\/v2\/tags?post=2738"}],"curies":[{"name":"wp","href":"https:\/\/api.w.org\/{rel}","templated":true}]}}