{"id":2238,"date":"2018-05-14T11:13:07","date_gmt":"2018-05-14T09:13:07","guid":{"rendered":"https:\/\/ambbratislava.esteri.it\/news\/dall_ambasciata\/2018\/05\/dom-svetla-slovensko-2\/"},"modified":"2018-05-14T11:13:07","modified_gmt":"2018-05-14T09:13:07","slug":"dom-svetla-slovensko-2","status":"publish","type":"post","link":"https:\/\/ambbratislava.esteri.it\/sk\/news\/dall_ambasciata\/2018\/05\/dom-svetla-slovensko-2\/","title":{"rendered":"DOM SVETLA SLOVENSKO"},"content":{"rendered":"<p>International AIDS Candlelight Memorial je najv\u00e4\u010d\u0161ou celosvetovou kampa\u0148ou v oblasti HIV\/AIDS, ktor\u00e1 je organizovan\u00e1 1200 lok\u00e1lnymi organiz\u00e1tormi v 115 krajin\u00e1ch. Na celom svete s\u00fa tak organizovan\u00e9 podujatia odr\u00e1\u017eaj\u00face potreby miestnej komunity. Podujatie sa pravidelne kon\u00e1 tretiu nede\u013eu v m\u00e1ji. Tento de\u0148 m\u00e1 nielen pripomen\u00fa\u0165 pamiatku zosnul\u00fdch na AIDS, ale tie\u017e osudy 33 mili\u00f3nov \u013eud\u00ed \u017eij\u00facich s HIV+. \u010eal\u0161ou snahou je zv\u00fd\u0161i\u0165 d\u00f4raz na prevenciu a boj proti HIV\/AIDS. Prv\u00e9 svetlo pre AIDS sa objavilo v roku 1983, kedy e\u0161te nebola zn\u00e1ma pr\u00ed\u010dina AIDS a bolo zaznamenan\u00fdch nieko\u013eko tis\u00edc \u00famrt\u00ed na AIDS. Organiz\u00e1tori by si tak chceli ucti\u0165 pamiatku t\u00fdch, ktor\u00ed chorobe pod\u013eahli a vyjadri\u0165 podporu \u013eu\u010fom \u017eij\u00facim s HIV\/AIDS.<\/p>\n<p>Ob\u010dianske zdru\u017eenie DOM SVETLA SLOVENSKO sa rozhodlo podujatie podpori\u0165 osloven\u00edm partnersk\u00fdch in\u0161tit\u00faci\u00ed za \u00fa\u010delom osvetlenia ich s\u00eddiel \u010derven\u00fdm svetlom, tak ako v roku 2017, alternat\u00edvne in\u00fdm sp\u00f4sobom, ktor\u00fdm vyjadria svoju solidaritu s t\u00e9mou podujatia.<\/p>\n","protected":false},"excerpt":{"rendered":"International AIDS Candlelight Memorial je najv\u00e4\u010d\u0161ou celosvetovou kampa\u0148ou v oblasti HIV\/AIDS, ktor\u00e1 je organizovan\u00e1 1200 lok\u00e1lnymi organiz\u00e1tormi v 115 krajin\u00e1ch. Na celom svete s\u00fa tak organizovan\u00e9 podujatia odr\u00e1\u017eaj\u00face potreby miestnej komunity. Podujatie sa pravidelne kon\u00e1 tretiu nede\u013eu v m\u00e1ji. Tento de\u0148 m\u00e1 nielen pripomen\u00fa\u0165 pamiatku zosnul\u00fdch na AIDS, ale tie\u017e osudy 33 mili\u00f3nov \u013eud\u00ed \u017eij\u00facich [&hellip;]","protected":false},"author":1,"featured_media":0,"comment_status":"","ping_status":"","sticky":false,"template":"","format":"standard","meta":{"footnotes":""},"tags":[],"class_list":["post-2238","post","type-post","status-publish","format-standard","hentry"],"_links":{"self":[{"href":"https:\/\/ambbratislava.esteri.it\/sk\/wp-json\/wp\/v2\/posts\/2238","targetHints":{"allow":["GET"]}}],"collection":[{"href":"https:\/\/ambbratislava.esteri.it\/sk\/wp-json\/wp\/v2\/posts"}],"about":[{"href":"https:\/\/ambbratislava.esteri.it\/sk\/wp-json\/wp\/v2\/types\/post"}],"author":[{"embeddable":true,"href":"https:\/\/ambbratislava.esteri.it\/sk\/wp-json\/wp\/v2\/users\/1"}],"replies":[{"embeddable":true,"href":"https:\/\/ambbratislava.esteri.it\/sk\/wp-json\/wp\/v2\/comments?post=2238"}],"version-history":[{"count":0,"href":"https:\/\/ambbratislava.esteri.it\/sk\/wp-json\/wp\/v2\/posts\/2238\/revisions"}],"wp:attachment":[{"href":"https:\/\/ambbratislava.esteri.it\/sk\/wp-json\/wp\/v2\/media?parent=2238"}],"wp:term":[{"taxonomy":"post_tag","embeddable":true,"href":"https:\/\/ambbratislava.esteri.it\/sk\/wp-json\/wp\/v2\/tags?post=2238"}],"curies":[{"name":"wp","href":"https:\/\/api.w.org\/{rel}","templated":true}]}}