{"id":2049,"date":"2019-05-15T17:40:46","date_gmt":"2019-05-15T15:40:46","guid":{"rendered":"https:\/\/ambbratislava.esteri.it\/news\/dall_ambasciata\/2019\/05\/borse-di-studio-offerte-dal-governo_1-2\/"},"modified":"2019-05-15T17:40:46","modified_gmt":"2019-05-15T15:40:46","slug":"borse-di-studio-offerte-dal-governo_1-2","status":"publish","type":"post","link":"https:\/\/ambbratislava.esteri.it\/sk\/news\/dall_ambasciata\/2019\/05\/borse-di-studio-offerte-dal-governo_1-2\/","title":{"rendered":"TALIANSKE VL\u00c1DNE \u0160TIPENDI\u00c1 PRE ZAHRANI\u010cN\u00ddCH \u0160TUDENTOV A TALIANSKYCH \u0160TUDENTOV \u017dIJ\u00daCICH V ZAHRANI\u010c\u00ed NA AKADEMICK\u00dd ROK 2019\/2020"},"content":{"rendered":"<p>Talianska vl\u00e1da zverejnila ponuku vl\u00e1dnych \u0161tipendi\u00ed pre zahrani\u010dn\u00fdch \u0161tudentov a talianskych \u0161tudentov \u017eij\u00facich v zahrani\u010d\u00ed na akademick\u00fd rok 2019\/2020.<\/p>\n<p>\u0160tipendi\u00e1 s\u00fa ur\u010den\u00e9 v\u00fdlu\u010dne na:<\/p>\n<p>&#8211; magistersk\u00e9 \u0161tudijn\u00e9 programy (druh\u00fd stupe\u0148 vysoko\u0161kolsk\u00e9ho vzdelania),<\/p>\n<p>&#8211; umeleck\u00e9 \u0161tudijn\u00e9 programy,<\/p>\n<p>&#8211; doktorandsk\u00e9 \u0161tudijn\u00e9 programy (tret\u00ed stupe\u0148 vysoko\u0161kolsk\u00e9ho vzdelania),<\/p>\n<p>&#8211; v\u00fdskumn\u00e9 projekty pod dvojit\u00fdm veden\u00edm,<\/p>\n<p>&#8211; trojmesa\u010dn\u00e9 kurzy talianskeho jazyka a kult\u00fary.<\/p>\n<p>Elektronick\u00e9 \u017eiadosti m\u00f4\u017eu z\u00e1ujemcovia pod\u00e1va\u0165 <strong>do 30. m\u00e1ja 2019, 14.00 hod. SE\u010c<\/strong> prostredn\u00edctvom web str\u00e1nky <a href=\"https:\/\/studyinitaly.esteri.it\/en\/home_borse\">Study in Italy<\/a>, po predch\u00e1dzaj\u00facej registr\u00e1cii na <a href=\"https:\/\/studyinitaly.esteri.it\/en\/login\">tomto linku<\/a>.<\/p>\n<p>V\u0161etky \u010fal\u0161ie inform\u00e1cie o \u0161tipendi\u00e1ch s\u00fa <a href=\"resource\/doc\/2019\/05\/bando_a.a.2019_2020_in_inglese.pdf\">v prilo\u017eenom dokumente<\/a> a na web str\u00e1nke <a href=\"https:\/\/studyinitaly.esteri.it\/en\/home_borse\">Study in Italy<\/a>.<\/p>\n<p><span style=\"text-decoration: underline;\"><strong>Pre technick\u00e9 probl\u00e9my, ktor\u00e9 sa vyskytli na port\u00e1li \u201cStudy in Italy\u201d, je mo\u017en\u00e9 \u017eiadosti o pridelenie \u0161tipendi\u00ed predklada\u0165 do novej uz\u00e1vierky 12. j\u00fana 2019 do 14.00 SE\u010c.<\/strong><\/span><\/p>\n","protected":false},"excerpt":{"rendered":"Talianska vl\u00e1da zverejnila ponuku vl\u00e1dnych \u0161tipendi\u00ed pre zahrani\u010dn\u00fdch \u0161tudentov a talianskych \u0161tudentov \u017eij\u00facich v zahrani\u010d\u00ed na akademick\u00fd rok 2019\/2020. \u0160tipendi\u00e1 s\u00fa ur\u010den\u00e9 v\u00fdlu\u010dne na: &#8211; magistersk\u00e9 \u0161tudijn\u00e9 programy (druh\u00fd stupe\u0148 vysoko\u0161kolsk\u00e9ho vzdelania), &#8211; umeleck\u00e9 \u0161tudijn\u00e9 programy, &#8211; doktorandsk\u00e9 \u0161tudijn\u00e9 programy (tret\u00ed stupe\u0148 vysoko\u0161kolsk\u00e9ho vzdelania), &#8211; v\u00fdskumn\u00e9 projekty pod dvojit\u00fdm veden\u00edm, &#8211; trojmesa\u010dn\u00e9 kurzy talianskeho jazyka [&hellip;]","protected":false},"author":1,"featured_media":0,"comment_status":"","ping_status":"","sticky":false,"template":"","format":"standard","meta":{"footnotes":""},"tags":[],"class_list":["post-2049","post","type-post","status-publish","format-standard","hentry"],"_links":{"self":[{"href":"https:\/\/ambbratislava.esteri.it\/sk\/wp-json\/wp\/v2\/posts\/2049","targetHints":{"allow":["GET"]}}],"collection":[{"href":"https:\/\/ambbratislava.esteri.it\/sk\/wp-json\/wp\/v2\/posts"}],"about":[{"href":"https:\/\/ambbratislava.esteri.it\/sk\/wp-json\/wp\/v2\/types\/post"}],"author":[{"embeddable":true,"href":"https:\/\/ambbratislava.esteri.it\/sk\/wp-json\/wp\/v2\/users\/1"}],"replies":[{"embeddable":true,"href":"https:\/\/ambbratislava.esteri.it\/sk\/wp-json\/wp\/v2\/comments?post=2049"}],"version-history":[{"count":0,"href":"https:\/\/ambbratislava.esteri.it\/sk\/wp-json\/wp\/v2\/posts\/2049\/revisions"}],"wp:attachment":[{"href":"https:\/\/ambbratislava.esteri.it\/sk\/wp-json\/wp\/v2\/media?parent=2049"}],"wp:term":[{"taxonomy":"post_tag","embeddable":true,"href":"https:\/\/ambbratislava.esteri.it\/sk\/wp-json\/wp\/v2\/tags?post=2049"}],"curies":[{"name":"wp","href":"https:\/\/api.w.org\/{rel}","templated":true}]}}