{"id":2011,"date":"2019-08-07T16:24:49","date_gmt":"2019-08-07T14:24:49","guid":{"rendered":"https:\/\/ambbratislava.esteri.it\/news\/dall_ambasciata\/2019\/08\/borse-di-studio-maeci-2019-2020-2\/"},"modified":"2019-08-07T16:24:49","modified_gmt":"2019-08-07T14:24:49","slug":"borse-di-studio-maeci-2019-2020-2","status":"publish","type":"post","link":"https:\/\/ambbratislava.esteri.it\/sk\/news\/dall_ambasciata\/2019\/08\/borse-di-studio-maeci-2019-2020-2\/","title":{"rendered":"\u0160TIPENDI\u00c1 TALIANSKEJ VL\u00c1DY 2019\/2020 \u2013 V\u00ddSLEDKY V\u00ddBEROV\u00c9HO KONANIA"},"content":{"rendered":"<p><a href=\"resource\/doc\/2019\/08\/assegnazioni.pdf\">ZOZNAM<\/a> zverejnen\u00fd v zmysle <a href=\"resource\/doc\/2019\/08\/gdpr_borse_di_studio.pdf\">\u010dl. 13 V\u0161eobecn\u00e9ho nariadenia (E\u00da) \u010d. 2019\/679 o ochrane osobn\u00fdch \u00fadajov<\/a>.<\/p>\n","protected":false},"excerpt":{"rendered":"ZOZNAM zverejnen\u00fd v zmysle \u010dl. 13 V\u0161eobecn\u00e9ho nariadenia (E\u00da) \u010d. 2019\/679 o ochrane osobn\u00fdch \u00fadajov.","protected":false},"author":1,"featured_media":0,"comment_status":"","ping_status":"","sticky":false,"template":"","format":"standard","meta":{"footnotes":""},"tags":[],"class_list":["post-2011","post","type-post","status-publish","format-standard","hentry"],"_links":{"self":[{"href":"https:\/\/ambbratislava.esteri.it\/sk\/wp-json\/wp\/v2\/posts\/2011","targetHints":{"allow":["GET"]}}],"collection":[{"href":"https:\/\/ambbratislava.esteri.it\/sk\/wp-json\/wp\/v2\/posts"}],"about":[{"href":"https:\/\/ambbratislava.esteri.it\/sk\/wp-json\/wp\/v2\/types\/post"}],"author":[{"embeddable":true,"href":"https:\/\/ambbratislava.esteri.it\/sk\/wp-json\/wp\/v2\/users\/1"}],"replies":[{"embeddable":true,"href":"https:\/\/ambbratislava.esteri.it\/sk\/wp-json\/wp\/v2\/comments?post=2011"}],"version-history":[{"count":0,"href":"https:\/\/ambbratislava.esteri.it\/sk\/wp-json\/wp\/v2\/posts\/2011\/revisions"}],"wp:attachment":[{"href":"https:\/\/ambbratislava.esteri.it\/sk\/wp-json\/wp\/v2\/media?parent=2011"}],"wp:term":[{"taxonomy":"post_tag","embeddable":true,"href":"https:\/\/ambbratislava.esteri.it\/sk\/wp-json\/wp\/v2\/tags?post=2011"}],"curies":[{"name":"wp","href":"https:\/\/api.w.org\/{rel}","templated":true}]}}