{"id":1577,"date":"2021-10-01T12:53:19","date_gmt":"2021-10-01T10:53:19","guid":{"rendered":"https:\/\/ambbratislava.esteri.it\/news\/dall_ambasciata\/2021\/10\/forum-mladeze-z-eu-a-krajin-zapadneho-2\/"},"modified":"2021-10-01T12:53:19","modified_gmt":"2021-10-01T10:53:19","slug":"forum-mladeze-z-eu-a-krajin-zapadneho-2","status":"publish","type":"post","link":"https:\/\/ambbratislava.esteri.it\/sk\/news\/dall_ambasciata\/2021\/10\/forum-mladeze-z-eu-a-krajin-zapadneho-2\/","title":{"rendered":"F\u00f3rum ml\u00e1de\u017ee z E\u00da a kraj\u00edn z\u00e1padn\u00e9ho Balk\u00e1nu"},"content":{"rendered":"<p>Od 22. do 26. novembra 2021 sa bude R\u00edme kona\u0165 \u201c<strong>F\u00f3rum ml\u00e1de\u017ee z E\u00da a kraj\u00edn z\u00e1padn\u00e9ho Balk\u00e1nu<\/strong>\u201d, ktor\u00e9 organizuje <strong>talianske Ministerstvo zahrani\u010dn\u00fdch vec\u00ed a medzin\u00e1rodnej spolupr\u00e1ce<\/strong> v spolupr\u00e1ci s \u010fal\u0161\u00edmi region\u00e1lnymi partnermi.<\/p>\n<p>Podujatie je ur\u010den\u00e9 pre <strong>78 vysoko\u0161kolsk\u00fdch \u0161tudentov<\/strong> poch\u00e1dzaj\u00facich z <strong>E\u00da<\/strong> alebo <strong>kraj\u00edn z\u00e1padn\u00e9ho Balk\u00e1nu<\/strong>, ktor\u00ed bud\u00fa h\u013eada\u0165 odpovede na p\u00e4\u0165 z\u00e1kladn\u00fdch ot\u00e1zok t\u00fdkaj\u00facich sa bud\u00facnosti Eur\u00f3py:<\/p>\n<p><strong>&#8211; reforma a roz\u0161irovanie E\u00da<\/strong><\/p>\n<p><strong>&#8211; identita e rekoncili\u00e1cia<\/strong><\/p>\n<p><strong>&#8211; klimatick\u00e9 v\u00fdzvy<\/strong><\/p>\n<p><strong>&#8211; ekonomick\u00e1 integr\u00e1cia<\/strong><\/p>\n<p><strong>&#8211; spolo\u010dnos\u0165 a nov\u00e9 m\u00e9di\u00e1.<\/strong><\/p>\n<p style=\"text-align: justify;\">Cie\u013eom tejto iniciat\u00edvy je <strong>poskytn\u00fa\u0165 mlad\u00fdm \u013eu\u010fom pr\u00edle\u017eitos\u0165<\/strong>, aby sa vyjadrili k t\u00e9me bud\u00facnosti Eur\u00f3py a vytvorili <strong>cezhrani\u010dn\u00fa sie\u0165<\/strong> podporovate\u013eov a akt\u00edvnych promot\u00e9rov roz\u0161irovania Eur\u00f3py a jej integr\u00e1cie.<\/p>\n<p style=\"text-align: justify;\">Chce\u0161 sa sta\u0165 s\u00fa\u010das\u0165ou tohto podujatia? V\u0161etky inform\u00e1cie a prihl\u00e1\u0161ku n\u00e1jde\u0161 na str\u00e1nke <a href=\"http:\/\/www.eubalkanforum.org\">www.eubalkanforum.org<\/a> .<\/p>\n<p style=\"text-align: justify;\">Prihl\u00e1\u0161ku je mo\u017en\u00e9 zasla\u0165 do <strong>15. okt\u00f3bra 2021<\/strong>.<\/p>\n","protected":false},"excerpt":{"rendered":"Od 22. do 26. novembra 2021 sa bude R\u00edme kona\u0165 \u201cF\u00f3rum ml\u00e1de\u017ee z E\u00da a kraj\u00edn z\u00e1padn\u00e9ho Balk\u00e1nu\u201d, ktor\u00e9 organizuje talianske Ministerstvo zahrani\u010dn\u00fdch vec\u00ed a medzin\u00e1rodnej spolupr\u00e1ce v spolupr\u00e1ci s \u010fal\u0161\u00edmi region\u00e1lnymi partnermi. Podujatie je ur\u010den\u00e9 pre 78 vysoko\u0161kolsk\u00fdch \u0161tudentov poch\u00e1dzaj\u00facich z E\u00da alebo kraj\u00edn z\u00e1padn\u00e9ho Balk\u00e1nu, ktor\u00ed bud\u00fa h\u013eada\u0165 odpovede na p\u00e4\u0165 z\u00e1kladn\u00fdch ot\u00e1zok [&hellip;]","protected":false},"author":1,"featured_media":0,"comment_status":"","ping_status":"","sticky":false,"template":"","format":"standard","meta":{"footnotes":""},"tags":[],"class_list":["post-1577","post","type-post","status-publish","format-standard","hentry"],"_links":{"self":[{"href":"https:\/\/ambbratislava.esteri.it\/sk\/wp-json\/wp\/v2\/posts\/1577","targetHints":{"allow":["GET"]}}],"collection":[{"href":"https:\/\/ambbratislava.esteri.it\/sk\/wp-json\/wp\/v2\/posts"}],"about":[{"href":"https:\/\/ambbratislava.esteri.it\/sk\/wp-json\/wp\/v2\/types\/post"}],"author":[{"embeddable":true,"href":"https:\/\/ambbratislava.esteri.it\/sk\/wp-json\/wp\/v2\/users\/1"}],"replies":[{"embeddable":true,"href":"https:\/\/ambbratislava.esteri.it\/sk\/wp-json\/wp\/v2\/comments?post=1577"}],"version-history":[{"count":0,"href":"https:\/\/ambbratislava.esteri.it\/sk\/wp-json\/wp\/v2\/posts\/1577\/revisions"}],"wp:attachment":[{"href":"https:\/\/ambbratislava.esteri.it\/sk\/wp-json\/wp\/v2\/media?parent=1577"}],"wp:term":[{"taxonomy":"post_tag","embeddable":true,"href":"https:\/\/ambbratislava.esteri.it\/sk\/wp-json\/wp\/v2\/tags?post=1577"}],"curies":[{"name":"wp","href":"https:\/\/api.w.org\/{rel}","templated":true}]}}