{"id":1545,"date":"2021-10-27T11:24:36","date_gmt":"2021-10-27T09:24:36","guid":{"rendered":"https:\/\/ambbratislava.esteri.it\/news\/dall_ambasciata\/2021\/10\/vertice-g20-di-roma-ripristino-2\/"},"modified":"2021-10-27T11:24:36","modified_gmt":"2021-10-27T09:24:36","slug":"vertice-g20-di-roma-ripristino-2","status":"publish","type":"post","link":"https:\/\/ambbratislava.esteri.it\/sk\/news\/dall_ambasciata\/2021\/10\/vertice-g20-di-roma-ripristino-2\/","title":{"rendered":"ZASADNUTIE SKUPINY G20 V R\u00cdME. DO\u010cASN\u00c9 OBNOVENIE KONTROL NA VN\u00daTORN\u00ddCH HRANICIACH TALIANSKA"},"content":{"rendered":"<p style=\"text-align: justify;\">Oznamujeme, \u017ee za \u00fa\u010delom zabezpe\u010denia riadneho a plynul\u00e9ho priebehu zasadnutia hl\u00e1v \u0161t\u00e1tov a predsedov vl\u00e1d skupiny G20, ktor\u00e9 sa uskuto\u010dn\u00ed v R\u00edme v d\u0148och 30. a 31. okt\u00f3bra 2021, a zn\u00ed\u017eenia rizika vstupu a v\u00fdstupu potenci\u00e1lne nebezpe\u010dn\u00fdch os\u00f4b ohrozuj\u00facich verejn\u00fd poriadok a bezpe\u010dnos\u0165, bolo prijat\u00e9 rozhodnutie o do\u010dasnom obnoven\u00ed kontrol na vn\u00fatorn\u00fdch hraniciach Talianska s platnos\u0165ou od dne\u0161n\u00e9ho d\u0148a 27. okt\u00f3bra 2021 od 22.00 hod. do 1. novembra 2021 do 13.00 hod.<\/p>\n","protected":false},"excerpt":{"rendered":"Oznamujeme, \u017ee za \u00fa\u010delom zabezpe\u010denia riadneho a plynul\u00e9ho priebehu zasadnutia hl\u00e1v \u0161t\u00e1tov a predsedov vl\u00e1d skupiny G20, ktor\u00e9 sa uskuto\u010dn\u00ed v R\u00edme v d\u0148och 30. a 31. okt\u00f3bra 2021, a zn\u00ed\u017eenia rizika vstupu a v\u00fdstupu potenci\u00e1lne nebezpe\u010dn\u00fdch os\u00f4b ohrozuj\u00facich verejn\u00fd poriadok a bezpe\u010dnos\u0165, bolo prijat\u00e9 rozhodnutie o do\u010dasnom obnoven\u00ed kontrol na vn\u00fatorn\u00fdch hraniciach Talianska s [&hellip;]","protected":false},"author":1,"featured_media":0,"comment_status":"","ping_status":"","sticky":false,"template":"","format":"standard","meta":{"footnotes":""},"tags":[],"class_list":["post-1545","post","type-post","status-publish","format-standard","hentry"],"_links":{"self":[{"href":"https:\/\/ambbratislava.esteri.it\/sk\/wp-json\/wp\/v2\/posts\/1545","targetHints":{"allow":["GET"]}}],"collection":[{"href":"https:\/\/ambbratislava.esteri.it\/sk\/wp-json\/wp\/v2\/posts"}],"about":[{"href":"https:\/\/ambbratislava.esteri.it\/sk\/wp-json\/wp\/v2\/types\/post"}],"author":[{"embeddable":true,"href":"https:\/\/ambbratislava.esteri.it\/sk\/wp-json\/wp\/v2\/users\/1"}],"replies":[{"embeddable":true,"href":"https:\/\/ambbratislava.esteri.it\/sk\/wp-json\/wp\/v2\/comments?post=1545"}],"version-history":[{"count":0,"href":"https:\/\/ambbratislava.esteri.it\/sk\/wp-json\/wp\/v2\/posts\/1545\/revisions"}],"wp:attachment":[{"href":"https:\/\/ambbratislava.esteri.it\/sk\/wp-json\/wp\/v2\/media?parent=1545"}],"wp:term":[{"taxonomy":"post_tag","embeddable":true,"href":"https:\/\/ambbratislava.esteri.it\/sk\/wp-json\/wp\/v2\/tags?post=1545"}],"curies":[{"name":"wp","href":"https:\/\/api.w.org\/{rel}","templated":true}]}}