{"id":1448,"date":"2022-02-07T12:30:57","date_gmt":"2022-02-07T11:30:57","guid":{"rendered":"https:\/\/ambbratislava.esteri.it\/news\/dall_ambasciata\/2022\/02\/incontro-dell-ambasciatrice-flumiani_6-2\/"},"modified":"2022-02-07T12:30:57","modified_gmt":"2022-02-07T11:30:57","slug":"incontro-dell-ambasciatrice-flumiani_6-2","status":"publish","type":"post","link":"https:\/\/ambbratislava.esteri.it\/sk\/news\/dall_ambasciata\/2022\/02\/incontro-dell-ambasciatrice-flumiani_6-2\/","title":{"rendered":"Stretnutie ve\u013evyslankyne Flumiani s prim\u00e1torom hlavn\u00e9ho mesta SR Bratislavy Mat\u00fa\u0161om Vallom"},"content":{"rendered":"<p style=\"text-align: justify;\">Ve\u013evyslanky\u0148a Flumiani v doprovode riadite\u013eky Talianskeho kult\u00farneho in\u0161tit\u00fatu v Bratislave Dr. Alessandry Sanniti sa stretla s prim\u00e1torom hlavn\u00e9ho mesta SR Bratislavy Mat\u00fa\u0161om Vallom, aby zhodnotili spolupr\u00e1cu medzi Talianskym ve\u013evyslanectvom v Bratislave a hlavn\u00fdm mestom SR Bratislavou. Ve\u013evyslanky\u0148a vyjadrila prim\u00e1tovi hlbok\u00e9 ocenenie za podporu pri organizovan\u00ed talianskeho festivalu \u201eDolce Vitaj\u201c, ktor\u00fd sa ka\u017edoro\u010dne kon\u00e1 v mesiaci j\u00fan a z\u00e1rove\u0148 za vynikaj\u00facu spolupr\u00e1cu, ktor\u00fa magistr\u00e1t preukazuje ve\u013evyslanectvu a jeho aktivit\u00e1m. Riadite\u013eka Talianskeho kult\u00farneho in\u0161tit\u00fatu v Bratislave predstavila program kult\u00farnych podujat\u00ed, ktor\u00e9 sa bud\u00fa v nast\u00e1vaj\u00facich mesiacoch kona\u0165 v Bratislave a z\u00e1rove\u0148 bohat\u00fa ponuku on-line iniciat\u00edv, ktor\u00e9 s\u00fa ur\u010den\u00e9 \u0161irok\u00e9mu slovensk\u00e9mu publiku. Na d\u00f4kaz pevn\u00fdch v\u00e4zieb medzi hlavn\u00fdm mestom SR s Talianskom, akou je okrem in\u00e9ho zahrani\u010dn\u00e9 partnerstvo s mestom Perugia, ktor\u00e9 bolo nadviazan\u00e9 e\u0161te v roku 1962, sa ve\u013evyslanky\u0148a a prim\u00e1tor dohodli, \u017ee zv\u00e1\u017eia realiz\u00e1ciu \u010fal\u0161\u00edch podujat\u00ed, ktor\u00e9 by mohli spolo\u010dne zorganizova\u0165 v roku 2022.<\/p>\n","protected":false},"excerpt":{"rendered":"Ve\u013evyslanky\u0148a Flumiani v doprovode riadite\u013eky Talianskeho kult\u00farneho in\u0161tit\u00fatu v Bratislave Dr. Alessandry Sanniti sa stretla s prim\u00e1torom hlavn\u00e9ho mesta SR Bratislavy Mat\u00fa\u0161om Vallom, aby zhodnotili spolupr\u00e1cu medzi Talianskym ve\u013evyslanectvom v Bratislave a hlavn\u00fdm mestom SR Bratislavou. Ve\u013evyslanky\u0148a vyjadrila prim\u00e1tovi hlbok\u00e9 ocenenie za podporu pri organizovan\u00ed talianskeho festivalu \u201eDolce Vitaj\u201c, ktor\u00fd sa ka\u017edoro\u010dne kon\u00e1 v mesiaci [&hellip;]","protected":false},"author":1,"featured_media":0,"comment_status":"","ping_status":"","sticky":false,"template":"","format":"standard","meta":{"footnotes":""},"tags":[],"class_list":["post-1448","post","type-post","status-publish","format-standard","hentry"],"_links":{"self":[{"href":"https:\/\/ambbratislava.esteri.it\/sk\/wp-json\/wp\/v2\/posts\/1448","targetHints":{"allow":["GET"]}}],"collection":[{"href":"https:\/\/ambbratislava.esteri.it\/sk\/wp-json\/wp\/v2\/posts"}],"about":[{"href":"https:\/\/ambbratislava.esteri.it\/sk\/wp-json\/wp\/v2\/types\/post"}],"author":[{"embeddable":true,"href":"https:\/\/ambbratislava.esteri.it\/sk\/wp-json\/wp\/v2\/users\/1"}],"replies":[{"embeddable":true,"href":"https:\/\/ambbratislava.esteri.it\/sk\/wp-json\/wp\/v2\/comments?post=1448"}],"version-history":[{"count":0,"href":"https:\/\/ambbratislava.esteri.it\/sk\/wp-json\/wp\/v2\/posts\/1448\/revisions"}],"wp:attachment":[{"href":"https:\/\/ambbratislava.esteri.it\/sk\/wp-json\/wp\/v2\/media?parent=1448"}],"wp:term":[{"taxonomy":"post_tag","embeddable":true,"href":"https:\/\/ambbratislava.esteri.it\/sk\/wp-json\/wp\/v2\/tags?post=1448"}],"curies":[{"name":"wp","href":"https:\/\/api.w.org\/{rel}","templated":true}]}}