{"id":1401,"date":"2022-03-11T14:21:35","date_gmt":"2022-03-11T13:21:35","guid":{"rendered":"https:\/\/ambbratislava.esteri.it\/news\/dall_ambasciata\/2022\/03\/incontro-dell-ambasciatrice-flumiani_8-2\/"},"modified":"2022-03-11T14:21:35","modified_gmt":"2022-03-11T13:21:35","slug":"incontro-dell-ambasciatrice-flumiani_8-2","status":"publish","type":"post","link":"https:\/\/ambbratislava.esteri.it\/sk\/news\/dall_ambasciata\/2022\/03\/incontro-dell-ambasciatrice-flumiani_8-2\/","title":{"rendered":"Stretnutie ve\u013evyslankyne Flumiani s t\u00edmom architektonick\u00e9ho ateli\u00e9ru OPPS, v\u00ed\u0165azom s\u00fa\u0165a\u017ee na vypracovanie projektovej dokument\u00e1cie pre obnovu legend\u00e1rnych k\u00fape\u013eov Gr\u00f6ssling."},"content":{"rendered":"<p style=\"text-align: justify;\">Pri pr\u00edle\u017eitosti podpisu zmluvy s Hlavn\u00fdm mestom SR Bratislava na vypracovanie architektonickej \u0161t\u00fadie a projektovej dokument\u00e1cie pre obnovu legend\u00e1rnych bratislavsk\u00fdch k\u00fape\u013eov Gr\u00f6ssling sa ve\u013evyslanky\u0148a Flumiani stretla s t\u00edmom architektonick\u00e9ho ateli\u00e9ru \u201eOPPS architettura\u201c z Florencie.<\/p>\n<p style=\"text-align: justify;\">V janu\u00e1ri 2021 taliansky ateli\u00e9r vyhral medzin\u00e1rodn\u00fa s\u00fa\u0165a\u017e, do ktorej sa prihl\u00e1silo 77 n\u00e1vrhov zo 17 kraj\u00edn. Projekt po\u010d\u00edta s obnovou k\u00fape\u013en\u00e9ho are\u00e1lu po 25 rokoch od jeho zatvorenia s cie\u013eom zachova\u0165 jeho architektonick\u00fd r\u00e1z, ako aj spolo\u010densk\u00fa a kult\u00farnu hodnotu. \u0160t\u00fadio OPPS sa nech\u00e1va v Bratislave zastupova\u0165 advok\u00e1tskou kancel\u00e1riou SMA advok\u00e1tska kancel\u00e1ria s.r.o.<\/p>\n<p style=\"text-align: justify;\">Ve\u013evyslanky\u0148a zagratulovala talianskemu ateli\u00e9ru k d\u00f4le\u017eit\u00e9mu kontraktu, ktor\u00fd bude v\u00fdznamnou pr\u00edle\u017eitos\u0165ou na posilnenie talianskej trad\u00edcie v odvetv\u00ed architekt\u00fary, v\u010faka jej schopnosti prep\u00e1ja\u0165 inov\u00e1cie a re\u0161pekt k historick\u00e9mu a kult\u00farnemu dPri pr\u00edle\u017eitosti podpisu zmluvy s Hlavn\u00fdm mestom SR Bratislava na vypracovanie architektonickej \u0161t\u00fadie a projektovej dokument\u00e1cie pre obnovu legend\u00e1rnych bratislavsk\u00fdch k\u00fape\u013eov Gr\u00f6ssling sa ve\u013evyslanky\u0148a Flumiani stretla s t\u00edmom architektonick\u00e9ho ateli\u00e9ru \u201eOPPS architettura\u201c z Florencie.<\/p>\n<p>V janu\u00e1ri 2021 taliansky ateli\u00e9r vyhral medzin\u00e1rodn\u00fa s\u00fa\u0165a\u017e, do ktorej sa prihl\u00e1silo 77 n\u00e1vrhov zo 17 kraj\u00edn. Projekt po\u010d\u00edta s obnovou k\u00fape\u013en\u00e9ho are\u00e1lu po 25 rokoch od jeho zatvorenia s cie\u013eom zachova\u0165 jeho architektonick\u00fd r\u00e1z, ako aj spolo\u010densk\u00fa a kult\u00farnu hodnotu. \u0160t\u00fadio OPPS sa nech\u00e1va v Bratislave zastupova\u0165 advok\u00e1tskou kancel\u00e1riou SMA advok\u00e1tska kancel\u00e1ria s.r.o. a v Taliansku advok\u00e1tskou kancel\u00e1riou Pino e Associati v Arezzo.<\/p>\n<p>Ve\u013evyslanky\u0148a zagratulovala talianskemu ateli\u00e9ru k d\u00f4le\u017eit\u00e9mu kontraktu, ktor\u00fd bude v\u00fdznamnou pr\u00edle\u017eitos\u0165ou na posilnenie talianskej trad\u00edcie v odvetv\u00ed architekt\u00fary, v\u010faka jej schopnosti prep\u00e1ja\u0165 inov\u00e1cie a re\u0161pekt k historick\u00e9mu a kult\u00farnemu dedi\u010dstvu.<\/p>\n<p style=\"text-align: justify;\">edi\u010dstvu.<\/p>\n","protected":false},"excerpt":{"rendered":"Pri pr\u00edle\u017eitosti podpisu zmluvy s Hlavn\u00fdm mestom SR Bratislava na vypracovanie architektonickej \u0161t\u00fadie a projektovej dokument\u00e1cie pre obnovu legend\u00e1rnych bratislavsk\u00fdch k\u00fape\u013eov Gr\u00f6ssling sa ve\u013evyslanky\u0148a Flumiani stretla s t\u00edmom architektonick\u00e9ho ateli\u00e9ru \u201eOPPS architettura\u201c z Florencie. V janu\u00e1ri 2021 taliansky ateli\u00e9r vyhral medzin\u00e1rodn\u00fa s\u00fa\u0165a\u017e, do ktorej sa prihl\u00e1silo 77 n\u00e1vrhov zo 17 kraj\u00edn. Projekt po\u010d\u00edta s obnovou [&hellip;]","protected":false},"author":1,"featured_media":0,"comment_status":"","ping_status":"","sticky":false,"template":"","format":"standard","meta":{"footnotes":""},"tags":[],"class_list":["post-1401","post","type-post","status-publish","format-standard","hentry"],"_links":{"self":[{"href":"https:\/\/ambbratislava.esteri.it\/sk\/wp-json\/wp\/v2\/posts\/1401","targetHints":{"allow":["GET"]}}],"collection":[{"href":"https:\/\/ambbratislava.esteri.it\/sk\/wp-json\/wp\/v2\/posts"}],"about":[{"href":"https:\/\/ambbratislava.esteri.it\/sk\/wp-json\/wp\/v2\/types\/post"}],"author":[{"embeddable":true,"href":"https:\/\/ambbratislava.esteri.it\/sk\/wp-json\/wp\/v2\/users\/1"}],"replies":[{"embeddable":true,"href":"https:\/\/ambbratislava.esteri.it\/sk\/wp-json\/wp\/v2\/comments?post=1401"}],"version-history":[{"count":0,"href":"https:\/\/ambbratislava.esteri.it\/sk\/wp-json\/wp\/v2\/posts\/1401\/revisions"}],"wp:attachment":[{"href":"https:\/\/ambbratislava.esteri.it\/sk\/wp-json\/wp\/v2\/media?parent=1401"}],"wp:term":[{"taxonomy":"post_tag","embeddable":true,"href":"https:\/\/ambbratislava.esteri.it\/sk\/wp-json\/wp\/v2\/tags?post=1401"}],"curies":[{"name":"wp","href":"https:\/\/api.w.org\/{rel}","templated":true}]}}