{"id":1360,"date":"2022-04-01T15:27:33","date_gmt":"2022-04-01T13:27:33","guid":{"rendered":"https:\/\/ambbratislava.esteri.it\/news\/dall_ambasciata\/2022\/04\/campagna-di-comunicazione-100-italie-2\/"},"modified":"2022-04-01T15:27:33","modified_gmt":"2022-04-01T13:27:33","slug":"campagna-di-comunicazione-100-italie-2","status":"publish","type":"post","link":"https:\/\/ambbratislava.esteri.it\/sk\/news\/dall_ambasciata\/2022\/04\/campagna-di-comunicazione-100-italie-2\/","title":{"rendered":"Komunika\u010dn\u00e1 kampa\u0148 \u201c100 naj Talianska na Slovensku\u201c"},"content":{"rendered":"<p style=\"text-align: justify;\">Talianske ve\u013evyslanectvo v Bratislave oznamuje zverejnenie prv\u00e9ho informat\u00edvneho videa, ktor\u00e9 vzniklo v r\u00e1mci komunika\u010dnej kampane \u201e<strong><em>100 naj Talianska na Slovensku<\/em><\/strong>\u201c. Iniciat\u00edva je zameran\u00e1 na pribl\u00ed\u017eenie bohatstva a r\u00f4znych aspektov vz\u0165ahov medzi dvoma krajinami, po\u010dn\u00fac p\u00f4soben\u00edm talianskej komunity a talianskych podnikate\u013esk\u00fdch subjektov na Slovensku a\u017e po po\u010detn\u00e9 historick\u00e9 a kult\u00farne svedectv\u00e1 o hlbok\u00fdch v\u00e4zb\u00e1ch medzi dvoma n\u00e1rodmi. Prv\u00e9 video pribli\u017euje z\u00e1sah, ktor\u00fd v Michalovciach vykonala talianska Civiln\u00e1 ochrana pri v\u00fdstavbe n\u00fadzov\u00e9ho t\u00e1bora pre ute\u010dencov z Ukrajiny.<\/p>\n<p>Video si m\u00f4\u017eete zhliadnu\u0165 <a href=\"https:\/\/fb.watch\/c6L5eCZZru\/\"><em><strong>tu<\/strong><\/em><\/a>.<\/p>\n<p><em><strong>#100NajTalianskaNaSlovensku<\/strong><\/em><br \/><em><strong>#100ItalieInSlovacchia<\/strong><\/em><\/p>\n","protected":false},"excerpt":{"rendered":"Talianske ve\u013evyslanectvo v Bratislave oznamuje zverejnenie prv\u00e9ho informat\u00edvneho videa, ktor\u00e9 vzniklo v r\u00e1mci komunika\u010dnej kampane \u201e100 naj Talianska na Slovensku\u201c. Iniciat\u00edva je zameran\u00e1 na pribl\u00ed\u017eenie bohatstva a r\u00f4znych aspektov vz\u0165ahov medzi dvoma krajinami, po\u010dn\u00fac p\u00f4soben\u00edm talianskej komunity a talianskych podnikate\u013esk\u00fdch subjektov na Slovensku a\u017e po po\u010detn\u00e9 historick\u00e9 a kult\u00farne svedectv\u00e1 o hlbok\u00fdch v\u00e4zb\u00e1ch medzi dvoma [&hellip;]","protected":false},"author":1,"featured_media":0,"comment_status":"","ping_status":"","sticky":false,"template":"","format":"standard","meta":{"footnotes":""},"tags":[],"class_list":["post-1360","post","type-post","status-publish","format-standard","hentry"],"_links":{"self":[{"href":"https:\/\/ambbratislava.esteri.it\/sk\/wp-json\/wp\/v2\/posts\/1360","targetHints":{"allow":["GET"]}}],"collection":[{"href":"https:\/\/ambbratislava.esteri.it\/sk\/wp-json\/wp\/v2\/posts"}],"about":[{"href":"https:\/\/ambbratislava.esteri.it\/sk\/wp-json\/wp\/v2\/types\/post"}],"author":[{"embeddable":true,"href":"https:\/\/ambbratislava.esteri.it\/sk\/wp-json\/wp\/v2\/users\/1"}],"replies":[{"embeddable":true,"href":"https:\/\/ambbratislava.esteri.it\/sk\/wp-json\/wp\/v2\/comments?post=1360"}],"version-history":[{"count":0,"href":"https:\/\/ambbratislava.esteri.it\/sk\/wp-json\/wp\/v2\/posts\/1360\/revisions"}],"wp:attachment":[{"href":"https:\/\/ambbratislava.esteri.it\/sk\/wp-json\/wp\/v2\/media?parent=1360"}],"wp:term":[{"taxonomy":"post_tag","embeddable":true,"href":"https:\/\/ambbratislava.esteri.it\/sk\/wp-json\/wp\/v2\/tags?post=1360"}],"curies":[{"name":"wp","href":"https:\/\/api.w.org\/{rel}","templated":true}]}}