{"id":1350,"date":"2022-04-07T16:49:53","date_gmt":"2022-04-07T14:49:53","guid":{"rendered":"https:\/\/ambbratislava.esteri.it\/news\/dall_ambasciata\/2022\/04\/visita-dell-ambasciatrice-flumiani_4-2\/"},"modified":"2022-04-07T16:49:53","modified_gmt":"2022-04-07T14:49:53","slug":"visita-dell-ambasciatrice-flumiani_4-2","status":"publish","type":"post","link":"https:\/\/ambbratislava.esteri.it\/sk\/news\/dall_ambasciata\/2022\/04\/visita-dell-ambasciatrice-flumiani_4-2\/","title":{"rendered":"N\u00e1v\u0161teva ve\u013evyslanca Flumianiho v s\u00eddle V\u00daB banky."},"content":{"rendered":"<p>Ve\u013evyslanky\u0148a Catherine Flumiani v\u010dera nav\u0161t\u00edvila centr\u00e1lu V\u00daB banky, patriacej do skupiny Intesa Sanpaolo a druhej najv\u00e4\u010d\u0161ej banky na Slovensku, kde sa stretla s gener\u00e1lnym riadite\u013eom Alexandrom Reschom a n\u00e1mestn\u00edkom gener\u00e1lneho riadite\u013ea Paolom Vivonom. Pr\u00edtomn\u00fd bol aj gener\u00e1lny tajomn\u00edk Taliansko-slovenskej obchodnej komory Giorgio Dovigi.<\/p>\n<p>Po\u010das stretnutia sa diskutovalo o d\u00f4sledkoch rast\u00facej infl\u00e1cie, n\u00e1kladov na energie a komodity pre spolo\u010dnosti, ako aj o konflikte na Ukrajine.<\/p>\n<p>V koment\u00e1roch k odhadom ekonomick\u00e9ho rastu na najbli\u017e\u0161ie roky bol zd\u00f4raznen\u00fd aj potenci\u00e1l talianskych spolo\u010dnost\u00ed vypl\u00fdvaj\u00faci z implement\u00e1cie projektov slovensk\u00e9ho ozdravn\u00e9ho pl\u00e1nu, ako aj \u00faloha bankov\u00fdch in\u0161tit\u00faci\u00ed pri podpore investi\u010dn\u00fdch projektov.<\/p>\n<p>Pani ve\u013evyslanky\u0148a pri tejto pr\u00edle\u017eitosti vyjadrila uznanie za podporu, ktor\u00fa banka poskytuje pre kult\u00farno-propaga\u010dn\u00e9 iniciat\u00edvy Talianskeho kult\u00farneho in\u0161tit\u00fatu v Bratislave.<\/p>\n","protected":false},"excerpt":{"rendered":"Ve\u013evyslanky\u0148a Catherine Flumiani v\u010dera nav\u0161t\u00edvila centr\u00e1lu V\u00daB banky, patriacej do skupiny Intesa Sanpaolo a druhej najv\u00e4\u010d\u0161ej banky na Slovensku, kde sa stretla s gener\u00e1lnym riadite\u013eom Alexandrom Reschom a n\u00e1mestn\u00edkom gener\u00e1lneho riadite\u013ea Paolom Vivonom. Pr\u00edtomn\u00fd bol aj gener\u00e1lny tajomn\u00edk Taliansko-slovenskej obchodnej komory Giorgio Dovigi. Po\u010das stretnutia sa diskutovalo o d\u00f4sledkoch rast\u00facej infl\u00e1cie, n\u00e1kladov na energie a [&hellip;]","protected":false},"author":1,"featured_media":0,"comment_status":"","ping_status":"","sticky":false,"template":"","format":"standard","meta":{"footnotes":""},"tags":[],"class_list":["post-1350","post","type-post","status-publish","format-standard","hentry"],"_links":{"self":[{"href":"https:\/\/ambbratislava.esteri.it\/sk\/wp-json\/wp\/v2\/posts\/1350","targetHints":{"allow":["GET"]}}],"collection":[{"href":"https:\/\/ambbratislava.esteri.it\/sk\/wp-json\/wp\/v2\/posts"}],"about":[{"href":"https:\/\/ambbratislava.esteri.it\/sk\/wp-json\/wp\/v2\/types\/post"}],"author":[{"embeddable":true,"href":"https:\/\/ambbratislava.esteri.it\/sk\/wp-json\/wp\/v2\/users\/1"}],"replies":[{"embeddable":true,"href":"https:\/\/ambbratislava.esteri.it\/sk\/wp-json\/wp\/v2\/comments?post=1350"}],"version-history":[{"count":0,"href":"https:\/\/ambbratislava.esteri.it\/sk\/wp-json\/wp\/v2\/posts\/1350\/revisions"}],"wp:attachment":[{"href":"https:\/\/ambbratislava.esteri.it\/sk\/wp-json\/wp\/v2\/media?parent=1350"}],"wp:term":[{"taxonomy":"post_tag","embeddable":true,"href":"https:\/\/ambbratislava.esteri.it\/sk\/wp-json\/wp\/v2\/tags?post=1350"}],"curies":[{"name":"wp","href":"https:\/\/api.w.org\/{rel}","templated":true}]}}