{"id":1336,"date":"2022-04-08T19:44:25","date_gmt":"2022-04-08T17:44:25","guid":{"rendered":"https:\/\/ambbratislava.esteri.it\/news\/dall_ambasciata\/2022\/04\/incontro-dell-ambasciatrice-flumiani_12-2\/"},"modified":"2022-04-08T19:44:25","modified_gmt":"2022-04-08T17:44:25","slug":"incontro-dell-ambasciatrice-flumiani_12-2","status":"publish","type":"post","link":"https:\/\/ambbratislava.esteri.it\/sk\/news\/dall_ambasciata\/2022\/04\/incontro-dell-ambasciatrice-flumiani_12-2\/","title":{"rendered":"Stretnutie pani ve\u013evyslankyne Flumiani so \u0161t\u00e1tnym tajomn\u00edkom Ministerstva hospod\u00e1rstva J\u00e1nom Oravcom"},"content":{"rendered":"<p>Pani Ve\u013evyslanky\u0148u Flumiani ve\u013emi srde\u010dne prijal \u0161t\u00e1tny tajomn\u00edk Ministerstva hospod\u00e1rstva, p\u00e1n J\u00e1n Oravec. Stretnutie bolo zameran\u00e9 na posilnenie vz\u00e1jomnej spolupr\u00e1ce v oblasti hospod\u00e1rstva a invest\u00edci\u00ed.<\/p>\n<p>Pani ve\u013evyslanky\u0148a Flumiani pouk\u00e1zala na pridan\u00fa hodnotu invest\u00edci\u00ed talianskych firiem, so zvl\u00e1\u0161tnym d\u00f4razom na v\u00fdrobu pomocou inovat\u00edvnych technol\u00f3gi\u00ed.<\/p>\n<p>Diskutovalo sa o niektor\u00fdch iniciat\u00edvach, ktor\u00e9 v kr\u00e1tkom \u010dase podporia priame kontakty medzi talianskymi a slovensk\u00fdmi firmami, najm\u00e4 v oblasti energetiky, \u017eivotn\u00e9ho porstredia a digitaliz\u00e1cie. Zvl\u00e1\u0161tna pozornos\u0165 bola venovan\u00e1 dopadu zmien glob\u00e1lneho kontextu na hodpod\u00e1rsky v\u00fdvoj a podnikate\u013ek\u00e9 subjekty.<\/p>\n","protected":false},"excerpt":{"rendered":"Pani Ve\u013evyslanky\u0148u Flumiani ve\u013emi srde\u010dne prijal \u0161t\u00e1tny tajomn\u00edk Ministerstva hospod\u00e1rstva, p\u00e1n J\u00e1n Oravec. Stretnutie bolo zameran\u00e9 na posilnenie vz\u00e1jomnej spolupr\u00e1ce v oblasti hospod\u00e1rstva a invest\u00edci\u00ed. Pani ve\u013evyslanky\u0148a Flumiani pouk\u00e1zala na pridan\u00fa hodnotu invest\u00edci\u00ed talianskych firiem, so zvl\u00e1\u0161tnym d\u00f4razom na v\u00fdrobu pomocou inovat\u00edvnych technol\u00f3gi\u00ed. Diskutovalo sa o niektor\u00fdch iniciat\u00edvach, ktor\u00e9 v kr\u00e1tkom \u010dase podporia priame kontakty [&hellip;]","protected":false},"author":1,"featured_media":0,"comment_status":"","ping_status":"","sticky":false,"template":"","format":"standard","meta":{"footnotes":""},"tags":[],"class_list":["post-1336","post","type-post","status-publish","format-standard","hentry"],"_links":{"self":[{"href":"https:\/\/ambbratislava.esteri.it\/sk\/wp-json\/wp\/v2\/posts\/1336","targetHints":{"allow":["GET"]}}],"collection":[{"href":"https:\/\/ambbratislava.esteri.it\/sk\/wp-json\/wp\/v2\/posts"}],"about":[{"href":"https:\/\/ambbratislava.esteri.it\/sk\/wp-json\/wp\/v2\/types\/post"}],"author":[{"embeddable":true,"href":"https:\/\/ambbratislava.esteri.it\/sk\/wp-json\/wp\/v2\/users\/1"}],"replies":[{"embeddable":true,"href":"https:\/\/ambbratislava.esteri.it\/sk\/wp-json\/wp\/v2\/comments?post=1336"}],"version-history":[{"count":0,"href":"https:\/\/ambbratislava.esteri.it\/sk\/wp-json\/wp\/v2\/posts\/1336\/revisions"}],"wp:attachment":[{"href":"https:\/\/ambbratislava.esteri.it\/sk\/wp-json\/wp\/v2\/media?parent=1336"}],"wp:term":[{"taxonomy":"post_tag","embeddable":true,"href":"https:\/\/ambbratislava.esteri.it\/sk\/wp-json\/wp\/v2\/tags?post=1336"}],"curies":[{"name":"wp","href":"https:\/\/api.w.org\/{rel}","templated":true}]}}