{"id":1302,"date":"2022-05-04T16:52:42","date_gmt":"2022-05-04T14:52:42","guid":{"rendered":"https:\/\/ambbratislava.esteri.it\/news\/dall_ambasciata\/2022\/05\/cerimonia-di-commemorazione-della-2\/"},"modified":"2022-05-04T16:52:42","modified_gmt":"2022-05-04T14:52:42","slug":"cerimonia-di-commemorazione-della-2","status":"publish","type":"post","link":"https:\/\/ambbratislava.esteri.it\/sk\/news\/dall_ambasciata\/2022\/05\/cerimonia-di-commemorazione-della-2\/","title":{"rendered":"Pietna spomienka pri pr\u00edle\u017eitosti \u00famrtia Gener\u00e1la \u0160tef\u00e1nika e jeho talianskej pos\u00e1dky"},"content":{"rendered":"<p style=\"text-align: justify;\">Pani vevyslanky\u0148a Flumiani sa dnes z\u00fa\u010dastnila spolu s vojensk\u00fdm pridelencom plk. Gerardom Contristanom pietnej spomienky pri pam\u00e4tn\u00edku v Ivanke pri Dunaji, ktor\u00e1 sa konala pri pr\u00edle\u017eitosti tragick\u00e9ho \u00famrtia gener\u00e1la Milana Ratislava \u0160tef\u00e1nika a talianskych letcov, nadporu\u010d\u00edka Giotta Mancinelliho Scottiho, str\u00e1\u017emajstra Umberta Merlina a vojaka Gabriela Aggiuntiho, ku ktorej do\u0161lo na rovnakom mieste 4. m\u00e1ja 1919. Ceremoni\u00e1lu sa z\u00fa\u010dastnil aj predseda Talianskej horskej pechoty Gruppo Alpini Slovacchia, Dr. Alessandro Zazzeron. \u2018\u2019Bl\u00edzke puto, ktor\u00e9 spajalo gener\u00e1la \u0160tef\u00e1nika s Talianskom na\u010falej in\u0161piruj\u00fa vz\u0165ahy medzi na\u0161imi dvoma krajinami\u2019\u2019, povedala pani ve\u013evyslaky\u0148a, pri\u010dom pripomenula zalo\u017eenie \u010desko-slovensk\u00fdch l\u00e9gi\u00ed, ktor\u00fdch existenciu Taliansko uznalo u\u017e v roku 1918.<\/p>\n","protected":false},"excerpt":{"rendered":"Pani vevyslanky\u0148a Flumiani sa dnes z\u00fa\u010dastnila spolu s vojensk\u00fdm pridelencom plk. Gerardom Contristanom pietnej spomienky pri pam\u00e4tn\u00edku v Ivanke pri Dunaji, ktor\u00e1 sa konala pri pr\u00edle\u017eitosti tragick\u00e9ho \u00famrtia gener\u00e1la Milana Ratislava \u0160tef\u00e1nika a talianskych letcov, nadporu\u010d\u00edka Giotta Mancinelliho Scottiho, str\u00e1\u017emajstra Umberta Merlina a vojaka Gabriela Aggiuntiho, ku ktorej do\u0161lo na rovnakom mieste 4. m\u00e1ja 1919. [&hellip;]","protected":false},"author":1,"featured_media":0,"comment_status":"","ping_status":"","sticky":false,"template":"","format":"standard","meta":{"footnotes":""},"tags":[],"class_list":["post-1302","post","type-post","status-publish","format-standard","hentry"],"_links":{"self":[{"href":"https:\/\/ambbratislava.esteri.it\/sk\/wp-json\/wp\/v2\/posts\/1302","targetHints":{"allow":["GET"]}}],"collection":[{"href":"https:\/\/ambbratislava.esteri.it\/sk\/wp-json\/wp\/v2\/posts"}],"about":[{"href":"https:\/\/ambbratislava.esteri.it\/sk\/wp-json\/wp\/v2\/types\/post"}],"author":[{"embeddable":true,"href":"https:\/\/ambbratislava.esteri.it\/sk\/wp-json\/wp\/v2\/users\/1"}],"replies":[{"embeddable":true,"href":"https:\/\/ambbratislava.esteri.it\/sk\/wp-json\/wp\/v2\/comments?post=1302"}],"version-history":[{"count":0,"href":"https:\/\/ambbratislava.esteri.it\/sk\/wp-json\/wp\/v2\/posts\/1302\/revisions"}],"wp:attachment":[{"href":"https:\/\/ambbratislava.esteri.it\/sk\/wp-json\/wp\/v2\/media?parent=1302"}],"wp:term":[{"taxonomy":"post_tag","embeddable":true,"href":"https:\/\/ambbratislava.esteri.it\/sk\/wp-json\/wp\/v2\/tags?post=1302"}],"curies":[{"name":"wp","href":"https:\/\/api.w.org\/{rel}","templated":true}]}}