{"id":1183,"date":"2022-08-02T11:04:16","date_gmt":"2022-08-02T09:04:16","guid":{"rendered":"https:\/\/ambbratislava.esteri.it\/news\/dall_ambasciata\/2022\/08\/commemorazione-delle-vittime-dell-2\/"},"modified":"2022-08-02T11:04:16","modified_gmt":"2022-08-02T09:04:16","slug":"commemorazione-delle-vittime-dell-2","status":"publish","type":"post","link":"https:\/\/ambbratislava.esteri.it\/sk\/news\/dall_ambasciata\/2022\/08\/commemorazione-delle-vittime-dell-2\/","title":{"rendered":"Spomienka na r\u00f3mske obete holokaustu"},"content":{"rendered":"<p style=\"text-align: justify;\">Pri pr\u00edle\u017eitosti Spomienkov\u00e9ho d\u0148a na r\u00f3mske obete holokaustu sa pani ve\u013evyslanky\u0148a Catherine Flumiani z\u00fa\u010dastnila inaugur\u00e1cie v\u00fdstavy venovanej prenasledovaniu R\u00f3mov po\u010das Druhej svetovej vojny v M\u00fazeu holokaustu v Seredi. Spolu s pr\u00edtomn\u00fdmi\u00a0 slovensk\u00fdmi autoritami a \u010dlenmi diplomatick\u00fdch misi\u00ed si prezrela nov\u00fa in\u0161tal\u00e1ciu v\u00fdstavy, ktorej zmysel predstavil riadite\u013e m\u00fazea, p\u00e1n Martin Kor\u010dok a kur\u00e1tor v\u00fdstavy, p\u00e1n Matej Ber\u00e1nek. V\u00fdstava pon\u00faka verejnosti mno\u017estvo svedectiev, dokumentov a fotografick\u00e9ho materi\u00e1lu. Pri tejto pr\u00edle\u017eitosti organiz\u00e1tori predstavili aj dobrovo\u013en\u00edcku \u010dinnos\u0165 mlad\u00fdch \u013eud\u00ed r\u00f3mskej komunity na Slovensku.\u00a0<\/p>\n","protected":false},"excerpt":{"rendered":"Pri pr\u00edle\u017eitosti Spomienkov\u00e9ho d\u0148a na r\u00f3mske obete holokaustu sa pani ve\u013evyslanky\u0148a Catherine Flumiani z\u00fa\u010dastnila inaugur\u00e1cie v\u00fdstavy venovanej prenasledovaniu R\u00f3mov po\u010das Druhej svetovej vojny v M\u00fazeu holokaustu v Seredi. Spolu s pr\u00edtomn\u00fdmi\u00a0 slovensk\u00fdmi autoritami a \u010dlenmi diplomatick\u00fdch misi\u00ed si prezrela nov\u00fa in\u0161tal\u00e1ciu v\u00fdstavy, ktorej zmysel predstavil riadite\u013e m\u00fazea, p\u00e1n Martin Kor\u010dok a kur\u00e1tor v\u00fdstavy, p\u00e1n Matej [&hellip;]","protected":false},"author":1,"featured_media":0,"comment_status":"","ping_status":"","sticky":false,"template":"","format":"standard","meta":{"footnotes":""},"tags":[],"class_list":["post-1183","post","type-post","status-publish","format-standard","hentry"],"_links":{"self":[{"href":"https:\/\/ambbratislava.esteri.it\/sk\/wp-json\/wp\/v2\/posts\/1183","targetHints":{"allow":["GET"]}}],"collection":[{"href":"https:\/\/ambbratislava.esteri.it\/sk\/wp-json\/wp\/v2\/posts"}],"about":[{"href":"https:\/\/ambbratislava.esteri.it\/sk\/wp-json\/wp\/v2\/types\/post"}],"author":[{"embeddable":true,"href":"https:\/\/ambbratislava.esteri.it\/sk\/wp-json\/wp\/v2\/users\/1"}],"replies":[{"embeddable":true,"href":"https:\/\/ambbratislava.esteri.it\/sk\/wp-json\/wp\/v2\/comments?post=1183"}],"version-history":[{"count":0,"href":"https:\/\/ambbratislava.esteri.it\/sk\/wp-json\/wp\/v2\/posts\/1183\/revisions"}],"wp:attachment":[{"href":"https:\/\/ambbratislava.esteri.it\/sk\/wp-json\/wp\/v2\/media?parent=1183"}],"wp:term":[{"taxonomy":"post_tag","embeddable":true,"href":"https:\/\/ambbratislava.esteri.it\/sk\/wp-json\/wp\/v2\/tags?post=1183"}],"curies":[{"name":"wp","href":"https:\/\/api.w.org\/{rel}","templated":true}]}}