{"id":1111,"date":"2022-09-22T10:03:50","date_gmt":"2022-09-22T08:03:50","guid":{"rendered":"https:\/\/ambbratislava.esteri.it\/news\/dall_ambasciata\/2022\/09\/partecipazione-dell-ambasciatrice_3-2\/"},"modified":"2022-09-22T10:03:50","modified_gmt":"2022-09-22T08:03:50","slug":"partecipazione-dell-ambasciatrice_3-2","status":"publish","type":"post","link":"https:\/\/ambbratislava.esteri.it\/sk\/news\/dall_ambasciata\/2022\/09\/partecipazione-dell-ambasciatrice_3-2\/","title":{"rendered":"\u00da\u010das\u0165 ve\u013evyslankyne Flumiani na otvoren\u00ed akademick\u00e9ho roka na Univerzite Mateja Bela v Banskej Bystrici."},"content":{"rendered":"<p style=\"text-align: justify;\">Ve\u013evyslanky\u0148a Catherine Flumiani sa v\u010dera z\u00fa\u010dastnila na sl\u00e1vnostnom otvoren\u00ed akademick\u00e9ho roka 2022\/2023 na Univerzite Mateja Bela v Banskej Bystrici, ktor\u00e9 navy\u0161e pripadlo na 30. v\u00fdro\u010dia jej zalo\u017eenia.<\/p>\n<p style=\"text-align: justify;\">Osl\u00e1v sa z\u00fa\u010dastnil aj premi\u00e9r Eduard Heger, predseda Najvy\u0161\u0161ieho s\u00fadu SR J\u00e1n \u0160ikuta, z\u00e1stupcovia najd\u00f4le\u017eitej\u0161\u00edch vysok\u00fdch \u0161k\u00f4l na Slovensku a viacer\u00ed \u010dlenovia diplomatick\u00e9ho zboru. Ve\u013evyslanky\u0148a za\u017eelala rektorovi UMB Vladim\u00edrovi Hiadlovsk\u00e9mu a prorektorke pre medzin\u00e1rodn\u00fa spolupr\u00e1cu Katar\u00edne Chovancovej ve\u013ea pracovn\u00fdch \u00faspechov a z\u00e1rove\u0148 vyjadrila \u017eelanie, aby pokra\u010dovali rozhovory, ktor\u00e9 zabezpe\u010dia pokra\u010dovanie v\u00fdu\u010dby talianskeho jazyka. Ve\u013evyslanky\u0148a sa z\u00e1rove\u0148 stretla s profesorkou Carmen Mammolou, ministerskou lektorkou p\u00f4sobiacou na Katedre romanistiky Filozofickej fakulty UMB, aby spolo\u010dne dohodli program podujat\u00ed zameran\u00fdch na \u0161\u00edrenie talianskej kult\u00fary, ktor\u00e9 sa uskuto\u010dnia v Banskej Bystrici v nast\u00e1vaj\u00facich mesiacoch.<\/p>\n","protected":false},"excerpt":{"rendered":"Ve\u013evyslanky\u0148a Catherine Flumiani sa v\u010dera z\u00fa\u010dastnila na sl\u00e1vnostnom otvoren\u00ed akademick\u00e9ho roka 2022\/2023 na Univerzite Mateja Bela v Banskej Bystrici, ktor\u00e9 navy\u0161e pripadlo na 30. v\u00fdro\u010dia jej zalo\u017eenia. Osl\u00e1v sa z\u00fa\u010dastnil aj premi\u00e9r Eduard Heger, predseda Najvy\u0161\u0161ieho s\u00fadu SR J\u00e1n \u0160ikuta, z\u00e1stupcovia najd\u00f4le\u017eitej\u0161\u00edch vysok\u00fdch \u0161k\u00f4l na Slovensku a viacer\u00ed \u010dlenovia diplomatick\u00e9ho zboru. Ve\u013evyslanky\u0148a za\u017eelala rektorovi UMB [&hellip;]","protected":false},"author":1,"featured_media":0,"comment_status":"","ping_status":"","sticky":false,"template":"","format":"standard","meta":{"footnotes":""},"tags":[],"class_list":["post-1111","post","type-post","status-publish","format-standard","hentry"],"_links":{"self":[{"href":"https:\/\/ambbratislava.esteri.it\/sk\/wp-json\/wp\/v2\/posts\/1111","targetHints":{"allow":["GET"]}}],"collection":[{"href":"https:\/\/ambbratislava.esteri.it\/sk\/wp-json\/wp\/v2\/posts"}],"about":[{"href":"https:\/\/ambbratislava.esteri.it\/sk\/wp-json\/wp\/v2\/types\/post"}],"author":[{"embeddable":true,"href":"https:\/\/ambbratislava.esteri.it\/sk\/wp-json\/wp\/v2\/users\/1"}],"replies":[{"embeddable":true,"href":"https:\/\/ambbratislava.esteri.it\/sk\/wp-json\/wp\/v2\/comments?post=1111"}],"version-history":[{"count":0,"href":"https:\/\/ambbratislava.esteri.it\/sk\/wp-json\/wp\/v2\/posts\/1111\/revisions"}],"wp:attachment":[{"href":"https:\/\/ambbratislava.esteri.it\/sk\/wp-json\/wp\/v2\/media?parent=1111"}],"wp:term":[{"taxonomy":"post_tag","embeddable":true,"href":"https:\/\/ambbratislava.esteri.it\/sk\/wp-json\/wp\/v2\/tags?post=1111"}],"curies":[{"name":"wp","href":"https:\/\/api.w.org\/{rel}","templated":true}]}}