{"id":1042,"date":"2022-11-12T14:10:32","date_gmt":"2022-11-12T13:10:32","guid":{"rendered":"https:\/\/ambbratislava.esteri.it\/news\/dall_ambasciata\/2022\/11\/slovacchia-al-via-la-vii-settimana-2\/"},"modified":"2022-11-12T14:10:32","modified_gmt":"2022-11-12T13:10:32","slug":"slovacchia-al-via-la-vii-settimana-2","status":"publish","type":"post","link":"https:\/\/ambbratislava.esteri.it\/sk\/news\/dall_ambasciata\/2022\/11\/slovacchia-al-via-la-vii-settimana-2\/","title":{"rendered":"SLOVENSKO: ZA\u010c\u00cdNA SA SIEDMY T\u00dd\u017dDE\u0147 TALIANSKEJ KUCHYNE VO SVETE"},"content":{"rendered":"<p>\u201ePohostinnos\u0165, udr\u017eate\u013enos\u0165 a inov\u00e1cia: ingrediencie talianskej kuchyne pre zdravie \u013eud\u00ed a ochranu plan\u00e9ty\u201c s\u00fa t\u00e9my VII. ro\u010dn\u00edka T\u00fd\u017ed\u0148a talianskej kuchyne vo svete, ktor\u00e9 in\u0161piruj\u00fa program iniciat\u00edv, ktor\u00e9 sa uskuto\u010dnia na Slovensku. od 14. do 20. novembra 2022 organizuje Talianske ve\u013evyslanectvo v Bratislave v spolupr\u00e1ci s Taliansko-slovenskou obchodnou komorou Iniciat\u00edvu podporuje Ministerstvo zahrani\u010dn\u00fdch vec\u00ed a medzin\u00e1rodnej spolupr\u00e1ce (MAECI).<\/p>\n<p>Tohtoro\u010dn\u00fd program zah\u0155\u0148a \u00fa\u010das\u0165 dvoch mlad\u00fdch \u0161\u00e9fkuch\u00e1rov Alexa a Vittoria Manzoniov\u00fdch, ktor\u00ed od roku 2020 ved\u00fa Osteria degli Assonica v provincii Bergamo, v\u00ed\u0165azi michelinskej hviezdy v roku 2022, ktor\u00ed predstavia menu v mene Talianska trad\u00edcia a lok\u00e1lne produkty, ale z\u00e1rove\u0148 prejavili svoju kreativitu po\u010das dvoch gurm\u00e1nskych ve\u010der\u00ed, ktor\u00e9 sa bud\u00fa kona\u0165 v Bratislave a v \u010darovnom k\u00fape\u013enom meste Pie\u0161\u0165any. Po\u010das t\u00fd\u017ed\u0148a bude na soci\u00e1lnych kan\u00e1loch ve\u013evyslanectva k dispoz\u00edcii aj videorozhovor, v ktorom dvaja \u0161\u00e9fkuch\u00e1ri lep\u0161ie pribl\u00ed\u017eia verejnosti charakteristick\u00e9 \u010drty svojej kuchyne a interpret\u00e1ciu, ktor\u00fa pod\u00e1vaj\u00fa o udr\u017eate\u013enosti a prepojen\u00ed s \u00fazem\u00edm pri ich pr\u00edprave. \u010derpali aj z r\u00f4znych medzin\u00e1rodn\u00fdch sk\u00fasenost\u00ed, ktor\u00e9 z\u00edskali po\u010das svojej kari\u00e9ry. Dvaja \u0161\u00e9fkuch\u00e1ri sa z\u00fa\u010dastnia aj zn\u00e1meho slovensk\u00e9ho telev\u00edzneho programu a pripravia svoje jedlo na\u017eivo.<\/p>\n<p>Prostredn\u00edctvom soci\u00e1lnych kan\u00e1lov ve\u013evyslanectva bude \u0161\u00edren\u00e1 aj virtu\u00e1lna v\u00fdstava s n\u00e1zvom \u201eFood Heroes\u201c, venovan\u00e1 niektor\u00fdm emblematick\u00fdm a \u00faspe\u0161n\u00fdm pr\u00edbehom cnostn\u00fdch osobnost\u00ed talianskeho potravinov\u00e9ho a vin\u00e1rskeho re\u0165azca, reprezentuj\u00facich ich sk\u00fasenosti s udr\u017eate\u013enos\u0165ou, remeselnou zru\u010dnos\u0165ou a kvalitou.<\/p>\n<p>Aj tento rok, rovnako ako pri minulom ro\u010dn\u00edku, bud\u00fa z iniciat\u00edvy Taliansko-slovenskej obchodnej komory niektor\u00ed talianski re\u0161taur\u00e1tori pr\u00edtomn\u00ed v r\u00f4znych lokalit\u00e1ch Slovenska pon\u00faka\u0165 \u0161peci\u00e1lne menu po\u010das cel\u00e9ho t\u00fd\u017ed\u0148a. \u00dapln\u00fd zoznam je k dispoz\u00edcii na nasleduj\u00facom odkaze: https:\/\/camitnews.it\/30585_vii- Edizione-della-settimana-della-cucina-italiana-nel-mondo<\/p>\n","protected":false},"excerpt":{"rendered":"\u201ePohostinnos\u0165, udr\u017eate\u013enos\u0165 a inov\u00e1cia: ingrediencie talianskej kuchyne pre zdravie \u013eud\u00ed a ochranu plan\u00e9ty\u201c s\u00fa t\u00e9my VII. ro\u010dn\u00edka T\u00fd\u017ed\u0148a talianskej kuchyne vo svete, ktor\u00e9 in\u0161piruj\u00fa program iniciat\u00edv, ktor\u00e9 sa uskuto\u010dnia na Slovensku. od 14. do 20. novembra 2022 organizuje Talianske ve\u013evyslanectvo v Bratislave v spolupr\u00e1ci s Taliansko-slovenskou obchodnou komorou Iniciat\u00edvu podporuje Ministerstvo zahrani\u010dn\u00fdch vec\u00ed a medzin\u00e1rodnej [&hellip;]","protected":false},"author":1,"featured_media":0,"comment_status":"","ping_status":"","sticky":false,"template":"","format":"standard","meta":{"footnotes":""},"tags":[],"class_list":["post-1042","post","type-post","status-publish","format-standard","hentry"],"_links":{"self":[{"href":"https:\/\/ambbratislava.esteri.it\/sk\/wp-json\/wp\/v2\/posts\/1042","targetHints":{"allow":["GET"]}}],"collection":[{"href":"https:\/\/ambbratislava.esteri.it\/sk\/wp-json\/wp\/v2\/posts"}],"about":[{"href":"https:\/\/ambbratislava.esteri.it\/sk\/wp-json\/wp\/v2\/types\/post"}],"author":[{"embeddable":true,"href":"https:\/\/ambbratislava.esteri.it\/sk\/wp-json\/wp\/v2\/users\/1"}],"replies":[{"embeddable":true,"href":"https:\/\/ambbratislava.esteri.it\/sk\/wp-json\/wp\/v2\/comments?post=1042"}],"version-history":[{"count":0,"href":"https:\/\/ambbratislava.esteri.it\/sk\/wp-json\/wp\/v2\/posts\/1042\/revisions"}],"wp:attachment":[{"href":"https:\/\/ambbratislava.esteri.it\/sk\/wp-json\/wp\/v2\/media?parent=1042"}],"wp:term":[{"taxonomy":"post_tag","embeddable":true,"href":"https:\/\/ambbratislava.esteri.it\/sk\/wp-json\/wp\/v2\/tags?post=1042"}],"curies":[{"name":"wp","href":"https:\/\/api.w.org\/{rel}","templated":true}]}}