{"id":986,"date":"2022-12-14T16:09:58","date_gmt":"2022-12-14T15:09:58","guid":{"rendered":"https:\/\/ambbratislava.esteri.it\/news\/dall_ambasciata\/2022\/12\/14-12-2022-visita-dell-ambasciatrice\/"},"modified":"2022-12-14T16:09:58","modified_gmt":"2022-12-14T15:09:58","slug":"14-12-2022-visita-dell-ambasciatrice","status":"publish","type":"post","link":"https:\/\/ambbratislava.esteri.it\/it\/news\/dall_ambasciata\/2022\/12\/14-12-2022-visita-dell-ambasciatrice\/","title":{"rendered":"14\/12\/2022 Visita dell\u2019Ambasciatrice Flumiani alla Facolt\u00e0 di Filosofia dell\u2019Universit\u00e0 Comenio di Bratislava"},"content":{"rendered":"<p>L&#8217;Ambasciatrice Catherine Flumiani, accompagnata dal Primo Segretario Elisa Polsinelli, ha visitato, oggi, la Facolt\u00e0 di Filosofia dell\u2019Universit\u00e0 Comenio di Bratislava, dove si svolgono i corsi di lingua e letteratura italiana per un centinaio di studenti.<\/p>\n<p>Dopo un amichevole incontro con il Preside della Facolt\u00e0, il prof. Marian Zouhar, la Vice Preside per le Relazioni Internazionali, la doc. Aneta Vil\u00e1ghi, il Capo del Dipartimento di Lingue romanze, il doc. Bohdan Ula\u0161in e il Garante del programma di Lingua e Cultura Italiana, il doc. Ivan \u0160u\u0161a, che ha fatto il punto sulla situazione dell\u2019insegnamento delle lingue straniere presso l\u2019Ateneo, l\u2019Ambasciatrice Flumiani ha dialogato con i membri della Sezione di Italianistica sulle attivit\u00e0 didattiche e di ricerca che quest\u2019ultima intende promuovere nell\u2019ambito dei rapporti bilaterali tra l\u2019Italia e la Slovacchia.<\/p>\n<p>Assieme al doc. Ivan \u0160u\u0161a, la prof.ssa Zora Ja\u010dov\u00e1 e il doc. Pavol \u0160tub\u0148a, l\u2019Ambasciatrice ha incontrato gli studenti di italiano e promosso le opportunit\u00e0 per l\u2019apprendimento della lingua e della cultura italiana attraverso la partecipazione alle iniziative dell\u2019Istituto Italiano di Cultura di Bratislava.<\/p>\n<p>\u201cTanti gli spunti di riflessione e le iniziative che intendiamo mettere in campo nel prossimo futuro per rafforzare la cooperazione tra l\u2019Ambasciata e l\u2019Ateneo\u201d, ha dichiarato l\u2019Ambasciatrice che ha ringraziato i rappresentanti della Facolt\u00e0 di Filosofia dell\u2019Universit\u00e0 Comenio di Bratislava per il solido sostegno all\u2019insegnamento della lingua italiana.<\/p>\n","protected":false},"excerpt":{"rendered":"L&#8217;Ambasciatrice Catherine Flumiani, accompagnata dal Primo Segretario Elisa Polsinelli, ha visitato, oggi, la Facolt\u00e0 di Filosofia dell\u2019Universit\u00e0 Comenio di Bratislava, dove si svolgono i corsi di lingua e letteratura italiana per un centinaio di studenti. Dopo un amichevole incontro con il Preside della Facolt\u00e0, il prof. Marian Zouhar, la Vice Preside per le Relazioni Internazionali, [&hellip;]","protected":false},"author":1,"featured_media":0,"comment_status":"","ping_status":"","sticky":false,"template":"","format":"standard","meta":{"footnotes":""},"tags":[],"class_list":["post-986","post","type-post","status-publish","format-standard","hentry"],"_links":{"self":[{"href":"https:\/\/ambbratislava.esteri.it\/it\/wp-json\/wp\/v2\/posts\/986","targetHints":{"allow":["GET"]}}],"collection":[{"href":"https:\/\/ambbratislava.esteri.it\/it\/wp-json\/wp\/v2\/posts"}],"about":[{"href":"https:\/\/ambbratislava.esteri.it\/it\/wp-json\/wp\/v2\/types\/post"}],"author":[{"embeddable":true,"href":"https:\/\/ambbratislava.esteri.it\/it\/wp-json\/wp\/v2\/users\/1"}],"replies":[{"embeddable":true,"href":"https:\/\/ambbratislava.esteri.it\/it\/wp-json\/wp\/v2\/comments?post=986"}],"version-history":[{"count":0,"href":"https:\/\/ambbratislava.esteri.it\/it\/wp-json\/wp\/v2\/posts\/986\/revisions"}],"wp:attachment":[{"href":"https:\/\/ambbratislava.esteri.it\/it\/wp-json\/wp\/v2\/media?parent=986"}],"wp:term":[{"taxonomy":"post_tag","embeddable":true,"href":"https:\/\/ambbratislava.esteri.it\/it\/wp-json\/wp\/v2\/tags?post=986"}],"curies":[{"name":"wp","href":"https:\/\/api.w.org\/{rel}","templated":true}]}}