{"id":939,"date":"2023-02-16T16:40:19","date_gmt":"2023-02-16T15:40:19","guid":{"rendered":"https:\/\/ambbratislava.esteri.it\/news\/dall_ambasciata\/2023\/02\/16-02-2023-incontro-dell-ambasciatrice\/"},"modified":"2023-02-16T16:40:19","modified_gmt":"2023-02-16T15:40:19","slug":"16-02-2023-incontro-dell-ambasciatrice","status":"publish","type":"post","link":"https:\/\/ambbratislava.esteri.it\/it\/news\/dall_ambasciata\/2023\/02\/16-02-2023-incontro-dell-ambasciatrice\/","title":{"rendered":"16.02.2023 Incontro dell\u2019Ambasciatrice Flumiani con il Ministro dell\u2019Istruzione della Repubblica Slovacca J\u00e1n Horeck\u00fd"},"content":{"rendered":"<p>L\u2019Ambasciatrice d\u2019Italia Catherine Flumiani ha avuto oggi un cordiale incontro con il Ministro dell\u2019Istruzione della Repubblica Slovacca J\u00e1n Horeck\u00fd. ll colloquio ha consentito un approfondito confronto sull\u2019offerta formativa in lingua italiana nelle scuole e nelle universit\u00e0 slovacche nonch\u00e9 di illustrare le attivit\u00e0 che l\u2019Ambasciata, di concerto con i docenti inviati dal Ministero degli Affari Esteri e della Cooperazione Internazionale e con l\u2019Istituto Italiano di Cultura, attua per favorire la promozione della lingua italiana. Un\u2019azione di promozione che, come l\u2019Ambasciatrice ha tenuto a sottolineare, rappresenta un dossier prioritario nelle relazioni bilaterali tra Italia e Slovacchia.<\/p>\n<p>L\u2019incontro ha consentito inoltre di ribadire l\u2019importanza della collaborazione nel garantire un\u2019adeguata offerta formativa in lingua italiana anche nel settore scientifico e l\u2019auspicio circa il prossimo rinnovo del Protocollo d\u2019Intesa per le sezioni bilingui dei Licei della Repubblica Slovacca. Su tale ultimo versante l\u2019Ambasciatrice Flumiani ha espresso l\u2019apprezzamento per il ruolo di riferimento svolto dalla sezione bilingue italo-slovacca presso il Liceo Saru di Bratislava.<\/p>\n","protected":false},"excerpt":{"rendered":"L\u2019Ambasciatrice d\u2019Italia Catherine Flumiani ha avuto oggi un cordiale incontro con il Ministro dell\u2019Istruzione della Repubblica Slovacca J\u00e1n Horeck\u00fd. ll colloquio ha consentito un approfondito confronto sull\u2019offerta formativa in lingua italiana nelle scuole e nelle universit\u00e0 slovacche nonch\u00e9 di illustrare le attivit\u00e0 che l\u2019Ambasciata, di concerto con i docenti inviati dal Ministero degli Affari Esteri [&hellip;]","protected":false},"author":1,"featured_media":0,"comment_status":"","ping_status":"","sticky":false,"template":"","format":"standard","meta":{"footnotes":""},"tags":[],"class_list":["post-939","post","type-post","status-publish","format-standard","hentry"],"_links":{"self":[{"href":"https:\/\/ambbratislava.esteri.it\/it\/wp-json\/wp\/v2\/posts\/939","targetHints":{"allow":["GET"]}}],"collection":[{"href":"https:\/\/ambbratislava.esteri.it\/it\/wp-json\/wp\/v2\/posts"}],"about":[{"href":"https:\/\/ambbratislava.esteri.it\/it\/wp-json\/wp\/v2\/types\/post"}],"author":[{"embeddable":true,"href":"https:\/\/ambbratislava.esteri.it\/it\/wp-json\/wp\/v2\/users\/1"}],"replies":[{"embeddable":true,"href":"https:\/\/ambbratislava.esteri.it\/it\/wp-json\/wp\/v2\/comments?post=939"}],"version-history":[{"count":0,"href":"https:\/\/ambbratislava.esteri.it\/it\/wp-json\/wp\/v2\/posts\/939\/revisions"}],"wp:attachment":[{"href":"https:\/\/ambbratislava.esteri.it\/it\/wp-json\/wp\/v2\/media?parent=939"}],"wp:term":[{"taxonomy":"post_tag","embeddable":true,"href":"https:\/\/ambbratislava.esteri.it\/it\/wp-json\/wp\/v2\/tags?post=939"}],"curies":[{"name":"wp","href":"https:\/\/api.w.org\/{rel}","templated":true}]}}