{"id":887,"date":"2023-03-23T12:41:49","date_gmt":"2023-03-23T11:41:49","guid":{"rendered":"https:\/\/ambbratislava.esteri.it\/news\/dall_ambasciata\/2023\/03\/22-03-23-visita-dell-ambasciatrice\/"},"modified":"2023-03-23T12:41:49","modified_gmt":"2023-03-23T11:41:49","slug":"22-03-23-visita-dell-ambasciatrice","status":"publish","type":"post","link":"https:\/\/ambbratislava.esteri.it\/it\/news\/dall_ambasciata\/2023\/03\/22-03-23-visita-dell-ambasciatrice\/","title":{"rendered":"22.03.23 Visita dell\u2019Ambasciatrice Flumiani a Poprad e Spisska Kapitula. Incontro con imprese italiane e promozione della lingua italiana."},"content":{"rendered":"<p>L\u2019Ambasciatrice d\u2019Italia in Bratislava Catherine Flumiani si \u00e8 recata a Poprad dove ha partecipato ad un incontro di networking organizzato dalla Camera di Commercio Italo-Slovacca. Nel rivolgersi al Vice Presidente della Camera Francesco Amitrano e agli imprenditori italiani e slovacchi presenti, l\u2019Ambasciatrice ha espresso viva soddisfazione per i traguardi raggiunti dalla cooperazione economica tra i due Paesi nel trentennale dello stabilimento delle relazioni bilaterali.<br \/>Assieme al Segretario Generale della Camera Giorgio Dovigi, l\u2019Ambasciatrice si \u00e8 altres\u00ec recata presso la societ\u00e0 italiana Stiga, attiva a Poprad dal 2006 nella produzione di tosaerba, con oltre 270 dipendenti. Nel visitare lo stabilimento, l\u2019Ambasciatrice ha incontrato il direttore, Peter Hirka, che ha illustrato i progetti dell\u2019azienda per i prossimi mesi.<br \/>Nella giornata di ieri, l\u2019Ambasciatrice ha visitato Spi\u0161sk\u00e1 Kapitula, dove \u00e8 stata accolta dall\u2019amministratore diocesano, Mons. J\u00e1n Kubo\u0161, con il quale ha approfondito i legami storici ed artistici di questo importante sito UNESCO con l\u2019Italia. Ha inoltre incontrato, presso il locale seminario, il Rettore Peter Majda, responsabile dell\u2019Istituto teologico facente parte dell\u2019Universit\u00e0 Cattolica di Ru\u017eomberok. Oltre ad un incontro con un gruppo di studenti, sono state esaminate le opportunit\u00e0 per l\u2019insegnamento della lingua italiana presso l\u2019Istituto dove si insegnano anche le scienze sociali e la musica, cos\u00ec come per la cooperazione culturale, sulla scia di quanto gi\u00e0 avviene presso l\u2019Universit\u00e0 di Ruzomberok.<\/p>\n","protected":false},"excerpt":{"rendered":"L\u2019Ambasciatrice d\u2019Italia in Bratislava Catherine Flumiani si \u00e8 recata a Poprad dove ha partecipato ad un incontro di networking organizzato dalla Camera di Commercio Italo-Slovacca. Nel rivolgersi al Vice Presidente della Camera Francesco Amitrano e agli imprenditori italiani e slovacchi presenti, l\u2019Ambasciatrice ha espresso viva soddisfazione per i traguardi raggiunti dalla cooperazione economica tra i [&hellip;]","protected":false},"author":1,"featured_media":0,"comment_status":"","ping_status":"","sticky":false,"template":"","format":"standard","meta":{"footnotes":""},"tags":[],"class_list":["post-887","post","type-post","status-publish","format-standard","hentry"],"_links":{"self":[{"href":"https:\/\/ambbratislava.esteri.it\/it\/wp-json\/wp\/v2\/posts\/887","targetHints":{"allow":["GET"]}}],"collection":[{"href":"https:\/\/ambbratislava.esteri.it\/it\/wp-json\/wp\/v2\/posts"}],"about":[{"href":"https:\/\/ambbratislava.esteri.it\/it\/wp-json\/wp\/v2\/types\/post"}],"author":[{"embeddable":true,"href":"https:\/\/ambbratislava.esteri.it\/it\/wp-json\/wp\/v2\/users\/1"}],"replies":[{"embeddable":true,"href":"https:\/\/ambbratislava.esteri.it\/it\/wp-json\/wp\/v2\/comments?post=887"}],"version-history":[{"count":0,"href":"https:\/\/ambbratislava.esteri.it\/it\/wp-json\/wp\/v2\/posts\/887\/revisions"}],"wp:attachment":[{"href":"https:\/\/ambbratislava.esteri.it\/it\/wp-json\/wp\/v2\/media?parent=887"}],"wp:term":[{"taxonomy":"post_tag","embeddable":true,"href":"https:\/\/ambbratislava.esteri.it\/it\/wp-json\/wp\/v2\/tags?post=887"}],"curies":[{"name":"wp","href":"https:\/\/api.w.org\/{rel}","templated":true}]}}