{"id":843,"date":"2023-05-20T13:18:08","date_gmt":"2023-05-20T11:18:08","guid":{"rendered":"https:\/\/ambbratislava.esteri.it\/news\/dall_ambasciata\/2023\/05\/visita-a-bratislava-del-ministro\/"},"modified":"2023-05-20T13:18:08","modified_gmt":"2023-05-20T11:18:08","slug":"visita-a-bratislava-del-ministro","status":"publish","type":"post","link":"https:\/\/ambbratislava.esteri.it\/it\/news\/dall_ambasciata\/2023\/05\/visita-a-bratislava-del-ministro\/","title":{"rendered":"Visita a Bratislava del Ministro delle Imprese e del Made in Italy, Adolfo Urso."},"content":{"rendered":"<p>Si \u00e8 svolta venerd\u00ec 19 maggio la visita del Ministro delle Imprese e del Made in Italy Sen. Adolfo Urso a Bratislava dove, accompagnato dall\u2019Ambasciatrice Catherine Flumiani, ha incontrato il Ministro dell\u2019Economia Peter Dovhun, affiancato dai Sottosegretari Peter Svec e Peter Gerhart. Il Ministro Urso ha altres\u00ec avuto un colloquio con il Primo Ministro della Repubblica Slovacca \u013dudov\u00edt \u00d3dor.<\/p>\n<p>Gli incontri hanno consentito di verificare una consonanza di vedute in vista del prossimo Consiglio competitivit\u00e0 del 22 maggio e di porre le basi per una pi\u00f9 stretta sinergia sui temi della<br \/>politica industriale, cos\u00ec come nel settore energetico, al fine di sostenere gli sforzi in materia di diversificazione degli approvvigionamenti. Ampio spazio \u00e8 stato inoltre dedicato al sostegno alla ricostruzione dell\u2019Ucraina e alle iniziative sviluppate a tal fine da entrambi i Paesi.<\/p>\n<p>Il Ministro Urso ha altres\u00ec avuto un incontro con i rappresentanti del Sistema Italia in Slovacchia, tra cui diversi imprenditori, il Segretario Generale della Camera di Commercio Italo-Slovacca Giorgio Dovigi e il Direttore dell\u2019Ufficio ICE di Vienna (competente anche per la Repubblica Slovacca) Corrado Cipollini, con i quali sono state discusse le sfide relative al costo dell\u2019energia e all\u2019approvvigionamento delle materie prime, cos\u00ec come le opportunit\u00e0 di nuovi investimenti e sviluppo per le aziende italiane.<\/p>\n","protected":false},"excerpt":{"rendered":"Si \u00e8 svolta venerd\u00ec 19 maggio la visita del Ministro delle Imprese e del Made in Italy Sen. Adolfo Urso a Bratislava dove, accompagnato dall\u2019Ambasciatrice Catherine Flumiani, ha incontrato il Ministro dell\u2019Economia Peter Dovhun, affiancato dai Sottosegretari Peter Svec e Peter Gerhart. Il Ministro Urso ha altres\u00ec avuto un colloquio con il Primo Ministro della [&hellip;]","protected":false},"author":1,"featured_media":0,"comment_status":"","ping_status":"","sticky":false,"template":"","format":"standard","meta":{"footnotes":""},"tags":[],"class_list":["post-843","post","type-post","status-publish","format-standard","hentry"],"_links":{"self":[{"href":"https:\/\/ambbratislava.esteri.it\/it\/wp-json\/wp\/v2\/posts\/843","targetHints":{"allow":["GET"]}}],"collection":[{"href":"https:\/\/ambbratislava.esteri.it\/it\/wp-json\/wp\/v2\/posts"}],"about":[{"href":"https:\/\/ambbratislava.esteri.it\/it\/wp-json\/wp\/v2\/types\/post"}],"author":[{"embeddable":true,"href":"https:\/\/ambbratislava.esteri.it\/it\/wp-json\/wp\/v2\/users\/1"}],"replies":[{"embeddable":true,"href":"https:\/\/ambbratislava.esteri.it\/it\/wp-json\/wp\/v2\/comments?post=843"}],"version-history":[{"count":0,"href":"https:\/\/ambbratislava.esteri.it\/it\/wp-json\/wp\/v2\/posts\/843\/revisions"}],"wp:attachment":[{"href":"https:\/\/ambbratislava.esteri.it\/it\/wp-json\/wp\/v2\/media?parent=843"}],"wp:term":[{"taxonomy":"post_tag","embeddable":true,"href":"https:\/\/ambbratislava.esteri.it\/it\/wp-json\/wp\/v2\/tags?post=843"}],"curies":[{"name":"wp","href":"https:\/\/api.w.org\/{rel}","templated":true}]}}