{"id":7393,"date":"2026-02-13T09:05:38","date_gmt":"2026-02-13T08:05:38","guid":{"rendered":"https:\/\/ambbratislava.esteri.it\/?p=7393"},"modified":"2026-02-13T12:34:06","modified_gmt":"2026-02-13T11:34:06","slug":"incontro-fra-gli-ambasciatori-ue-e-il-presidente-del-consiglio-nazionale-slovacco-richard-rasi","status":"publish","type":"post","link":"https:\/\/ambbratislava.esteri.it\/it\/news\/dall_ambasciata\/2026\/02\/incontro-fra-gli-ambasciatori-ue-e-il-presidente-del-consiglio-nazionale-slovacco-richard-rasi\/","title":{"rendered":"Incontro fra gli Ambasciatori UE e il Presidente del Consiglio Nazionale slovacco Richard Ra\u0161i"},"content":{"rendered":"<p style=\"text-align: justify;\">Interessantissimo incontro organizzato dalla Presidenza cipriota dell\u2019UE fra gli Ambasciatori UE e il Presidente del Consiglio Nazionale slovacco Richard Ra\u0161i. La diplomazia parlamentare \u00e8 complementare a quella dei Governi, sostiene il dialogo fra Istituzioni e incoraggia i contatti fra societ\u00e0 civili.<\/p>\n","protected":false},"excerpt":{"rendered":"Interessantissimo incontro organizzato dalla Presidenza cipriota dell\u2019UE fra gli Ambasciatori UE e il Presidente del Consiglio Nazionale slovacco Richard Ra\u0161i. La diplomazia parlamentare \u00e8 complementare a quella dei Governi, sostiene il dialogo fra Istituzioni e incoraggia i contatti fra societ\u00e0 civili.","protected":false},"author":13,"featured_media":7396,"comment_status":"closed","ping_status":"closed","sticky":false,"template":"","format":"standard","meta":{"footnotes":""},"tags":[14,15],"class_list":["post-7393","post","type-post","status-publish","format-standard","has-post-thumbnail","hentry","tag-politica-estera","tag-unione-europea"],"_links":{"self":[{"href":"https:\/\/ambbratislava.esteri.it\/it\/wp-json\/wp\/v2\/posts\/7393","targetHints":{"allow":["GET"]}}],"collection":[{"href":"https:\/\/ambbratislava.esteri.it\/it\/wp-json\/wp\/v2\/posts"}],"about":[{"href":"https:\/\/ambbratislava.esteri.it\/it\/wp-json\/wp\/v2\/types\/post"}],"author":[{"embeddable":true,"href":"https:\/\/ambbratislava.esteri.it\/it\/wp-json\/wp\/v2\/users\/13"}],"replies":[{"embeddable":true,"href":"https:\/\/ambbratislava.esteri.it\/it\/wp-json\/wp\/v2\/comments?post=7393"}],"version-history":[{"count":3,"href":"https:\/\/ambbratislava.esteri.it\/it\/wp-json\/wp\/v2\/posts\/7393\/revisions"}],"predecessor-version":[{"id":7415,"href":"https:\/\/ambbratislava.esteri.it\/it\/wp-json\/wp\/v2\/posts\/7393\/revisions\/7415"}],"wp:featuredmedia":[{"embeddable":true,"href":"https:\/\/ambbratislava.esteri.it\/it\/wp-json\/wp\/v2\/media\/7396"}],"wp:attachment":[{"href":"https:\/\/ambbratislava.esteri.it\/it\/wp-json\/wp\/v2\/media?parent=7393"}],"wp:term":[{"taxonomy":"post_tag","embeddable":true,"href":"https:\/\/ambbratislava.esteri.it\/it\/wp-json\/wp\/v2\/tags?post=7393"}],"curies":[{"name":"wp","href":"https:\/\/api.w.org\/{rel}","templated":true}]}}