{"id":707,"date":"2023-10-06T15:32:40","date_gmt":"2023-10-06T13:32:40","guid":{"rendered":"https:\/\/ambbratislava.esteri.it\/news\/dall_ambasciata\/2023\/10\/05-10-2023-visita-dell-ambasciatrice\/"},"modified":"2023-10-06T15:32:40","modified_gmt":"2023-10-06T13:32:40","slug":"05-10-2023-visita-dell-ambasciatrice","status":"publish","type":"post","link":"https:\/\/ambbratislava.esteri.it\/it\/news\/dall_ambasciata\/2023\/10\/05-10-2023-visita-dell-ambasciatrice\/","title":{"rendered":"05.10.2023 &#8211; Visita dell\u2019Ambasciatrice Flumiani a Ve\u013ek\u00fd e Maly Krti\u0161"},"content":{"rendered":"<p>L\u2019Ambasciatrice Catherine Flumiani ha effettuato ieri una visita a Ve\u013ek\u00fd e Maly Krti\u0161, nel sud della Slovacchia, dove ha visitato due aziende italiane. Presso la societ\u00e0 Technogym (azienda leader mondiale nel settore delle soluzioni per il Fitness ed il Wellness), \u00e8 stata accolta dall\u2019Amministratore Franco Pontone, che ha illustrato i risultati raggiunti dall\u2019azienda, operante in Slovacchia dal 2006, unico sito fuori dall\u2019Italia. L\u2019Ambasciatrice ha espresso vivo apprezzamento per l\u2019importanza degli investimenti effettuati dall\u2019azienda, per i progetti futuri di espansione e per il ruolo che l\u2019impianto gioca nell\u2019economia locale.<\/p>\n<p>A seguire, l\u2019Ambasciatrice ha visitato l\u2019azienda SISME Slovakia, accompagnata dal proprietario di Sisme Group Luca Costantini, il quale ha illustrato il percorso effettuato dall\u2019impianto, attivo dal 2007 in Slovacchia. L\u2019Ambasciatrice si \u00e8 congratulata in particolare per gli investimenti tecnologici che il gruppo, tra le aziende leader in Europa nella produzione di motori elettrici per compressori di raffreddamento, continua ad effettuare e di cui beneficia anche l\u2019impianto operante in Slovacchia.<\/p>\n<p>L\u2019Ambasciatrice \u00e8 stata inoltre ricevuta dal Sindaco di Ve\u013eky Krtis Dalibor Surko\u0161, che ha ribadito l\u2019apprezzamento per l\u2019importante impatto delle aziende italiane, tra i principali datori di lavoro nella regione. Con il Sindaco sono state altres\u00ec approfondite le dinamiche e modalit\u00e0 di gestione dei flussi migratori illegali nella regione.<\/p>\n<p>L\u2019incontro ha fatto seguito ad una visita, svoltasi nella mattinata, presso il Liceo \u201cAugusta Horislava \u0160kult\u00e9tyho\u201d di Ve\u013ek\u00fd Krt\u00ed\u0161. Accompagnata dal team del Dipartimento di Romanistica dell\u2019Universit\u00e0 Costantino Filosofo di Nitra, l\u2019Ambasciatrice ha preso parte alla presentazione agli studenti dell\u2019istituto delle opportunit\u00e0 di studio della lingua italiana nel quadro dei corsi di laurea offerti dall\u2019Universit\u00e0 di Nitra.<\/p>\n","protected":false},"excerpt":{"rendered":"L\u2019Ambasciatrice Catherine Flumiani ha effettuato ieri una visita a Ve\u013ek\u00fd e Maly Krti\u0161, nel sud della Slovacchia, dove ha visitato due aziende italiane. Presso la societ\u00e0 Technogym (azienda leader mondiale nel settore delle soluzioni per il Fitness ed il Wellness), \u00e8 stata accolta dall\u2019Amministratore Franco Pontone, che ha illustrato i risultati raggiunti dall\u2019azienda, operante in [&hellip;]","protected":false},"author":1,"featured_media":0,"comment_status":"","ping_status":"","sticky":false,"template":"","format":"standard","meta":{"footnotes":""},"tags":[],"class_list":["post-707","post","type-post","status-publish","format-standard","hentry"],"_links":{"self":[{"href":"https:\/\/ambbratislava.esteri.it\/it\/wp-json\/wp\/v2\/posts\/707","targetHints":{"allow":["GET"]}}],"collection":[{"href":"https:\/\/ambbratislava.esteri.it\/it\/wp-json\/wp\/v2\/posts"}],"about":[{"href":"https:\/\/ambbratislava.esteri.it\/it\/wp-json\/wp\/v2\/types\/post"}],"author":[{"embeddable":true,"href":"https:\/\/ambbratislava.esteri.it\/it\/wp-json\/wp\/v2\/users\/1"}],"replies":[{"embeddable":true,"href":"https:\/\/ambbratislava.esteri.it\/it\/wp-json\/wp\/v2\/comments?post=707"}],"version-history":[{"count":0,"href":"https:\/\/ambbratislava.esteri.it\/it\/wp-json\/wp\/v2\/posts\/707\/revisions"}],"wp:attachment":[{"href":"https:\/\/ambbratislava.esteri.it\/it\/wp-json\/wp\/v2\/media?parent=707"}],"wp:term":[{"taxonomy":"post_tag","embeddable":true,"href":"https:\/\/ambbratislava.esteri.it\/it\/wp-json\/wp\/v2\/tags?post=707"}],"curies":[{"name":"wp","href":"https:\/\/api.w.org\/{rel}","templated":true}]}}