{"id":637,"date":"2023-11-09T11:20:06","date_gmt":"2023-11-09T10:20:06","guid":{"rendered":"https:\/\/ambbratislava.esteri.it\/news\/dall_ambasciata\/2023\/11\/07-11-23-visita-dell-ambasciatrice\/"},"modified":"2023-11-09T11:20:06","modified_gmt":"2023-11-09T10:20:06","slug":"07-11-23-visita-dell-ambasciatrice","status":"publish","type":"post","link":"https:\/\/ambbratislava.esteri.it\/it\/news\/dall_ambasciata\/2023\/11\/07-11-23-visita-dell-ambasciatrice\/","title":{"rendered":"07.11.23. Visita dell\u2019Ambasciatrice Flumiani a Ruzomberok e inaugurazione di una mostra di pannelli sul Perugino a 500 anni dalla sua morte."},"content":{"rendered":"<p>L\u2019Ambasciatrice d\u2019Italia a Bratislava ha effettuato oggi una visita a Ruzomberok dove ha inaugurato presso la Biblioteca dell\u2019Universit\u00e0 Cattolica una mostra sul pittore rinascimentale \u201cIl Perugino\u201d.\u00a0La mostra illustra in modo sintetico, attraverso i 15 pannelli che la compongono, la vita e i luoghi di Pietro Vannucci, detto \u201cIl Perugino\u201d, seguendo tutte le fasi che hanno caratterizzato la sua opera.<br \/>L\u2019esposizione, realizzata in collaborazione con l\u2019Istituto Italiano di Cultura in Bratislava ed il Dipartimento di Italianistica dell\u2019Universit\u00e0 Cattolica di Ruzomberok che hanno curato la traduzione dei pannelli in lingua slovacca, \u00e8 stata ideata dall\u2019Amb. Stefano Baldi, attualmente Rappresentante Permanente presso l\u2019OSCE a Vienna.<\/p>\n<p>All\u2019inaugurazione hanno preso parte il Rettore dell\u2019Universit\u00e0, Jaroslav Demko, membri del corpo accademico e numerosi studenti dei corsi di italiano, ai quali il docente di storia dell\u2019arte presso la Facolt\u00e0 di Pedagogia, Jozef Zentko, ha illustrato la vita e l\u2019opera del grande pittore italiano. La mostra rester\u00e0 a disposizione del pubblico sino all\u20198 dicembre, per poi trasferirsi presso il Museo Regionale di Liptov. Sono altres\u00ec previste ulteriori tappe della mostra presso istituzioni accademiche e scolastiche delle regioni limitrofe. Si tratta della terza mostra organizzata dall\u2019Ambasciata d\u2019Italia e dall\u2019Istituto Italiano di Cultura di Bratislava presso l\u2019Universit\u00e0 Cattolica di Ruzomberok dal 2022 in collaborazione con la locale cattedra di italianistica, di cui l\u2019Ambasciatrice ha altres\u00ec incontrato i docenti Fabiano Gritti, Rosangela Libertini e Viera Rassu Nagy.<\/p>\n<p>L\u2019Ambasciatrice ha inoltre incontrato il Sindaco di Ruzomberok Lubomir Kuban presso il locale municipio che ha illustrato i progetti di sviluppo culturale e sociale per la citt\u00e0. L\u2019Ambasciatrice ha condiviso l\u2019impegno a sostegno dei corsi di lingua italiana presso la locale Universit\u00e0 e di diffusione della cultura italiana in favore della cittadinanza di Ruzomberok e della regione circostante. Assieme alla Professoressa Libertini sono state altres\u00ec esaminate le opportunit\u00e0 di collaborazione tra la citt\u00e0 di Ruzomberok e analoghe realt\u00e0 italiane per lo scambio di esperienze nel settore turistico.<\/p>\n","protected":false},"excerpt":{"rendered":"L\u2019Ambasciatrice d\u2019Italia a Bratislava ha effettuato oggi una visita a Ruzomberok dove ha inaugurato presso la Biblioteca dell\u2019Universit\u00e0 Cattolica una mostra sul pittore rinascimentale \u201cIl Perugino\u201d.\u00a0La mostra illustra in modo sintetico, attraverso i 15 pannelli che la compongono, la vita e i luoghi di Pietro Vannucci, detto \u201cIl Perugino\u201d, seguendo tutte le fasi che hanno [&hellip;]","protected":false},"author":1,"featured_media":0,"comment_status":"","ping_status":"","sticky":false,"template":"","format":"standard","meta":{"footnotes":""},"tags":[],"class_list":["post-637","post","type-post","status-publish","format-standard","hentry"],"_links":{"self":[{"href":"https:\/\/ambbratislava.esteri.it\/it\/wp-json\/wp\/v2\/posts\/637","targetHints":{"allow":["GET"]}}],"collection":[{"href":"https:\/\/ambbratislava.esteri.it\/it\/wp-json\/wp\/v2\/posts"}],"about":[{"href":"https:\/\/ambbratislava.esteri.it\/it\/wp-json\/wp\/v2\/types\/post"}],"author":[{"embeddable":true,"href":"https:\/\/ambbratislava.esteri.it\/it\/wp-json\/wp\/v2\/users\/1"}],"replies":[{"embeddable":true,"href":"https:\/\/ambbratislava.esteri.it\/it\/wp-json\/wp\/v2\/comments?post=637"}],"version-history":[{"count":0,"href":"https:\/\/ambbratislava.esteri.it\/it\/wp-json\/wp\/v2\/posts\/637\/revisions"}],"wp:attachment":[{"href":"https:\/\/ambbratislava.esteri.it\/it\/wp-json\/wp\/v2\/media?parent=637"}],"wp:term":[{"taxonomy":"post_tag","embeddable":true,"href":"https:\/\/ambbratislava.esteri.it\/it\/wp-json\/wp\/v2\/tags?post=637"}],"curies":[{"name":"wp","href":"https:\/\/api.w.org\/{rel}","templated":true}]}}