{"id":3462,"date":"2024-03-15T18:04:23","date_gmt":"2024-03-15T17:04:23","guid":{"rendered":"https:\/\/ambbratislava.esteri.it\/?p=3462"},"modified":"2024-03-15T18:05:34","modified_gmt":"2024-03-15T17:05:34","slug":"viii-edizione-della-giornata-del-design-italiano-nel-mondo-in-slovacchia","status":"publish","type":"post","link":"https:\/\/ambbratislava.esteri.it\/it\/news\/dall_ambasciata\/2024\/03\/viii-edizione-della-giornata-del-design-italiano-nel-mondo-in-slovacchia\/","title":{"rendered":"VIII edizione della Giornata del Design Italiano nel mondo in Slovacchia"},"content":{"rendered":"<p class=\"null\" style=\"margin: 0cm; margin-bottom: .0001pt;\"><span style=\"color: #002060;\">L\u2019Ambasciata d\u2019Italia a Bratislava ha celebrato l\u2019ottava Giornata del Design Italiano nel mondo, dedicata quest\u2019anno al tema \u201cFabbricare valore \u2013 inclusivit\u00e0, innovazione e sostenibilit\u00e0\u201c, \u00a0con l\u2019organizzazione di due eventi che hanno avuto come protagonisti l\u2019architetto Vittorio Venezia, direttore creativo dello Studio Martinelli Venezia, e Niccol\u00f2 Biddau, tra i pi\u00f9 affermati fotografi di architettura industriale.<\/span><\/p>\n<p class=\"null\" style=\"margin: 0cm; margin-bottom: .0001pt;\"><span style=\"color: #002060;\">\u00a0<\/span><\/p>\n<p class=\"null\" style=\"margin: 0cm; margin-bottom: .0001pt;\"><span style=\"color: #002060;\">In collaborazione con l\u2019Istituto Italiano di Cultura di Bratislava e con la Facolt\u00e0 di Architettura e Design dell\u2019Universit\u00e0 Tecnica Slovacca (STU), \u00e8 stata organizzata una presentazione per gli studenti della Facolt\u00e0 \u2013 al quale ha presenziato anche il Preside della Facolt\u00e0 Branislav Puskar &#8211; focalizzata sui rispettivi progetti e sulla capacit\u00e0 del design italiano di coniugare tradizioni culturali, inventiva, capacit\u00e0 di innovazione e sostenibilit\u00e0 ambientale, attraverso una costante evoluzione di processi \u00a0e tecniche produttive.<\/span><\/p>\n<p class=\"null\" style=\"margin: 0cm; margin-bottom: .0001pt;\"><span style=\"color: #002060;\">\u00a0<\/span><\/p>\n<p class=\"null\" style=\"margin: 0cm; margin-bottom: .0001pt;\"><span style=\"color: #002060;\">Nella medesima giornata si \u00e8 svolto, in collaborazione con l\u2019Agenzia ICE di Vienna e la Camera di Commercio Italo-Slovacca, un incontro con i professionisti locali del settore del design e dell\u2019architettura. Un incontro, seguito da un evento\u00a0di networking, dal quale sono emersi stimolanti spunti di riflessione su come il design sia in grado di offrire soluzioni sostenibili e innovative che creano valore e contribuiscono al benessere dell&#8217;individuo e della societ\u00e0.<\/span><\/p>\n<p class=\"null\" style=\"margin: 0cm; margin-bottom: .0001pt;\"><span style=\"color: #002060;\">\u00a0<\/span><\/p>\n<p class=\"null\" style=\"margin: 0cm; margin-bottom: .0001pt;\"><span style=\"color: #002060;\">In apertura di entrambi gli appuntamenti, l\u2019Ambasciatrice Flumiani ha sottolineato come il design italiano, famoso in tutto il mondo, rappresenti la dimostrazione della perfetta combinazione tra funzionalit\u00e0, estetica e sostenibilit\u00e0, che ci uniscono in creazioni uniche dall\u2019elevato valore non solo materiale, ma anche e soprattutto artistico. L\u2019Ambasciatrice ha espresso il convincimento che dalla Giornata del Design Italiano a Bratislava potranno svilupparsi concrete sinergie e prospettive di collaborazione nel settore. \u00a0<\/span><\/p>\n","protected":false},"excerpt":{"rendered":"L\u2019Ambasciata d\u2019Italia a Bratislava ha celebrato l\u2019ottava Giornata del Design Italiano nel mondo, dedicata quest\u2019anno al tema \u201cFabbricare valore \u2013 inclusivit\u00e0, innovazione e sostenibilit\u00e0\u201c, \u00a0con l\u2019organizzazione di due eventi che hanno avuto come protagonisti l\u2019architetto Vittorio Venezia, direttore creativo dello Studio Martinelli Venezia, e Niccol\u00f2 Biddau, tra i pi\u00f9 affermati fotografi di architettura industriale. \u00a0 [&hellip;]","protected":false},"author":4,"featured_media":3452,"comment_status":"closed","ping_status":"closed","sticky":false,"template":"","format":"standard","meta":{"footnotes":""},"tags":[7],"class_list":["post-3462","post","type-post","status-publish","format-standard","has-post-thumbnail","hentry","tag-diplomazia-culturale"],"_links":{"self":[{"href":"https:\/\/ambbratislava.esteri.it\/it\/wp-json\/wp\/v2\/posts\/3462","targetHints":{"allow":["GET"]}}],"collection":[{"href":"https:\/\/ambbratislava.esteri.it\/it\/wp-json\/wp\/v2\/posts"}],"about":[{"href":"https:\/\/ambbratislava.esteri.it\/it\/wp-json\/wp\/v2\/types\/post"}],"author":[{"embeddable":true,"href":"https:\/\/ambbratislava.esteri.it\/it\/wp-json\/wp\/v2\/users\/4"}],"replies":[{"embeddable":true,"href":"https:\/\/ambbratislava.esteri.it\/it\/wp-json\/wp\/v2\/comments?post=3462"}],"version-history":[{"count":1,"href":"https:\/\/ambbratislava.esteri.it\/it\/wp-json\/wp\/v2\/posts\/3462\/revisions"}],"predecessor-version":[{"id":3465,"href":"https:\/\/ambbratislava.esteri.it\/it\/wp-json\/wp\/v2\/posts\/3462\/revisions\/3465"}],"wp:featuredmedia":[{"embeddable":true,"href":"https:\/\/ambbratislava.esteri.it\/it\/wp-json\/wp\/v2\/media\/3452"}],"wp:attachment":[{"href":"https:\/\/ambbratislava.esteri.it\/it\/wp-json\/wp\/v2\/media?parent=3462"}],"wp:term":[{"taxonomy":"post_tag","embeddable":true,"href":"https:\/\/ambbratislava.esteri.it\/it\/wp-json\/wp\/v2\/tags?post=3462"}],"curies":[{"name":"wp","href":"https:\/\/api.w.org\/{rel}","templated":true}]}}