{"id":1985,"date":"2019-10-25T12:27:41","date_gmt":"2019-10-25T10:27:41","guid":{"rendered":"https:\/\/ambbratislava.esteri.it\/news\/dall_ambasciata\/2019\/10\/cerimonia-di-inaugurazione-dell\/"},"modified":"2019-10-25T12:27:41","modified_gmt":"2019-10-25T10:27:41","slug":"cerimonia-di-inaugurazione-dell","status":"publish","type":"post","link":"https:\/\/ambbratislava.esteri.it\/it\/news\/dall_ambasciata\/2019\/10\/cerimonia-di-inaugurazione-dell\/","title":{"rendered":"CERIMONIA DI INAUGURAZIONE DELL&#8217;AA DELL&#8217;UNIVERSITA&#8217; COSTATINO IL FILOSOFO DI NITRA"},"content":{"rendered":"<p style=\"text-align: justify;\">Il giorno 17 ottobre 2019 l&#8217;Ambasciatore d&#8217;Italia Gabriele Meucci ha partecipato alla cerimonia di inaugurazione dell&#8217;anno accademico dell&#8217;Universit\u00e0 &#8220;Costantino il Filosofo&#8221; di Nitra. In quest&#8217;occasione si sono celebrati anche i sessanta anni dalla fondazione dell&#8217;ateneo. A seguire si sono tenuti gli incontri con il Governatore della regione di Nitra, Milan Belica, e il Vicesindaco di Nitra Miloslav \u0160pot\u00e1k, nonch\u00e9 con i professori del dipartimento di Italianistica dell\u2019Universit\u00e0.<\/p>\n","protected":false},"excerpt":{"rendered":"Il giorno 17 ottobre 2019 l&#8217;Ambasciatore d&#8217;Italia Gabriele Meucci ha partecipato alla cerimonia di inaugurazione dell&#8217;anno accademico dell&#8217;Universit\u00e0 &#8220;Costantino il Filosofo&#8221; di Nitra. In quest&#8217;occasione si sono celebrati anche i sessanta anni dalla fondazione dell&#8217;ateneo. A seguire si sono tenuti gli incontri con il Governatore della regione di Nitra, Milan Belica, e il Vicesindaco di [&hellip;]","protected":false},"author":1,"featured_media":0,"comment_status":"","ping_status":"","sticky":false,"template":"","format":"standard","meta":{"footnotes":""},"tags":[],"class_list":["post-1985","post","type-post","status-publish","format-standard","hentry"],"_links":{"self":[{"href":"https:\/\/ambbratislava.esteri.it\/it\/wp-json\/wp\/v2\/posts\/1985","targetHints":{"allow":["GET"]}}],"collection":[{"href":"https:\/\/ambbratislava.esteri.it\/it\/wp-json\/wp\/v2\/posts"}],"about":[{"href":"https:\/\/ambbratislava.esteri.it\/it\/wp-json\/wp\/v2\/types\/post"}],"author":[{"embeddable":true,"href":"https:\/\/ambbratislava.esteri.it\/it\/wp-json\/wp\/v2\/users\/1"}],"replies":[{"embeddable":true,"href":"https:\/\/ambbratislava.esteri.it\/it\/wp-json\/wp\/v2\/comments?post=1985"}],"version-history":[{"count":0,"href":"https:\/\/ambbratislava.esteri.it\/it\/wp-json\/wp\/v2\/posts\/1985\/revisions"}],"wp:attachment":[{"href":"https:\/\/ambbratislava.esteri.it\/it\/wp-json\/wp\/v2\/media?parent=1985"}],"wp:term":[{"taxonomy":"post_tag","embeddable":true,"href":"https:\/\/ambbratislava.esteri.it\/it\/wp-json\/wp\/v2\/tags?post=1985"}],"curies":[{"name":"wp","href":"https:\/\/api.w.org\/{rel}","templated":true}]}}