{"id":1982,"date":"2019-10-25T12:47:07","date_gmt":"2019-10-25T10:47:07","guid":{"rendered":"https:\/\/ambbratislava.esteri.it\/news\/dall_ambasciata\/2019\/10\/arie-della-tradizione-canora-napoletana\/"},"modified":"2019-10-25T12:47:07","modified_gmt":"2019-10-25T10:47:07","slug":"arie-della-tradizione-canora-napoletana","status":"publish","type":"post","link":"https:\/\/ambbratislava.esteri.it\/it\/news\/dall_ambasciata\/2019\/10\/arie-della-tradizione-canora-napoletana\/","title":{"rendered":"ARIE DELLA TRADIZIONE CANORA NAPOLETANA AL TEATRO NAZIONALE SLOVACCO DI BRATISLAVA"},"content":{"rendered":"<p>Il 10 ottobre 2019 ha avuto luogo presso il Teatro nazionale slovacco di Bratislava il Gal\u00e0 operistico con le pi\u00f9 belle arie della tradizione canora napoletana, interpretate dal tenore slovacco Miroslav Dvorsk\u00fd insieme ad altre stelle del mondo operistico, tra cui la soprano italiana Sara Cortolezzis.<\/p>\n","protected":false},"excerpt":{"rendered":"Il 10 ottobre 2019 ha avuto luogo presso il Teatro nazionale slovacco di Bratislava il Gal\u00e0 operistico con le pi\u00f9 belle arie della tradizione canora napoletana, interpretate dal tenore slovacco Miroslav Dvorsk\u00fd insieme ad altre stelle del mondo operistico, tra cui la soprano italiana Sara Cortolezzis.","protected":false},"author":1,"featured_media":0,"comment_status":"","ping_status":"","sticky":false,"template":"","format":"standard","meta":{"footnotes":""},"tags":[],"class_list":["post-1982","post","type-post","status-publish","format-standard","hentry"],"_links":{"self":[{"href":"https:\/\/ambbratislava.esteri.it\/it\/wp-json\/wp\/v2\/posts\/1982","targetHints":{"allow":["GET"]}}],"collection":[{"href":"https:\/\/ambbratislava.esteri.it\/it\/wp-json\/wp\/v2\/posts"}],"about":[{"href":"https:\/\/ambbratislava.esteri.it\/it\/wp-json\/wp\/v2\/types\/post"}],"author":[{"embeddable":true,"href":"https:\/\/ambbratislava.esteri.it\/it\/wp-json\/wp\/v2\/users\/1"}],"replies":[{"embeddable":true,"href":"https:\/\/ambbratislava.esteri.it\/it\/wp-json\/wp\/v2\/comments?post=1982"}],"version-history":[{"count":0,"href":"https:\/\/ambbratislava.esteri.it\/it\/wp-json\/wp\/v2\/posts\/1982\/revisions"}],"wp:attachment":[{"href":"https:\/\/ambbratislava.esteri.it\/it\/wp-json\/wp\/v2\/media?parent=1982"}],"wp:term":[{"taxonomy":"post_tag","embeddable":true,"href":"https:\/\/ambbratislava.esteri.it\/it\/wp-json\/wp\/v2\/tags?post=1982"}],"curies":[{"name":"wp","href":"https:\/\/api.w.org\/{rel}","templated":true}]}}