{"id":1180,"date":"2022-08-02T11:04:16","date_gmt":"2022-08-02T09:04:16","guid":{"rendered":"https:\/\/ambbratislava.esteri.it\/news\/dall_ambasciata\/2022\/08\/commemorazione-delle-vittime-dell\/"},"modified":"2022-08-02T11:04:16","modified_gmt":"2022-08-02T09:04:16","slug":"commemorazione-delle-vittime-dell","status":"publish","type":"post","link":"https:\/\/ambbratislava.esteri.it\/it\/news\/dall_ambasciata\/2022\/08\/commemorazione-delle-vittime-dell\/","title":{"rendered":"Commemorazione delle vittime dell\u2019Olocausto dei Rom."},"content":{"rendered":"<p style=\"text-align: justify;\">In occasione della Giornata di commemorazione delle vittime dell\u2019Olocausto dei Rom, l\u2019Ambasciatrice Catherine Flumiani ha partecipato all\u2019inaugurazione di una mostra sulle persecuzione dei Rom durante la Seconda Guerra Mondiale ospitata dal Museo dell\u2019Olocausto di Sered. Assieme alle autorit\u00e0 slovacche e membri del corpo diplomatico presenti ha visitato il nuovo allestimento, le cui finalit\u00e0 sono state illustrate dal Direttore del Museo Martin Korcok e dal curatore della mostra Matej Beranek e che offre al pubblico numerose testimonianze, documenti e materiale fotografico. Sono state altres\u00ec presentate attivit\u00e0 di volontariato da parte di alcuni ragazzi della comunit\u00e0 Rom in Slovacchia.<\/p>\n","protected":false},"excerpt":{"rendered":"In occasione della Giornata di commemorazione delle vittime dell\u2019Olocausto dei Rom, l\u2019Ambasciatrice Catherine Flumiani ha partecipato all\u2019inaugurazione di una mostra sulle persecuzione dei Rom durante la Seconda Guerra Mondiale ospitata dal Museo dell\u2019Olocausto di Sered. Assieme alle autorit\u00e0 slovacche e membri del corpo diplomatico presenti ha visitato il nuovo allestimento, le cui finalit\u00e0 sono state [&hellip;]","protected":false},"author":1,"featured_media":0,"comment_status":"","ping_status":"","sticky":false,"template":"","format":"standard","meta":{"footnotes":""},"tags":[],"class_list":["post-1180","post","type-post","status-publish","format-standard","hentry"],"_links":{"self":[{"href":"https:\/\/ambbratislava.esteri.it\/it\/wp-json\/wp\/v2\/posts\/1180","targetHints":{"allow":["GET"]}}],"collection":[{"href":"https:\/\/ambbratislava.esteri.it\/it\/wp-json\/wp\/v2\/posts"}],"about":[{"href":"https:\/\/ambbratislava.esteri.it\/it\/wp-json\/wp\/v2\/types\/post"}],"author":[{"embeddable":true,"href":"https:\/\/ambbratislava.esteri.it\/it\/wp-json\/wp\/v2\/users\/1"}],"replies":[{"embeddable":true,"href":"https:\/\/ambbratislava.esteri.it\/it\/wp-json\/wp\/v2\/comments?post=1180"}],"version-history":[{"count":0,"href":"https:\/\/ambbratislava.esteri.it\/it\/wp-json\/wp\/v2\/posts\/1180\/revisions"}],"wp:attachment":[{"href":"https:\/\/ambbratislava.esteri.it\/it\/wp-json\/wp\/v2\/media?parent=1180"}],"wp:term":[{"taxonomy":"post_tag","embeddable":true,"href":"https:\/\/ambbratislava.esteri.it\/it\/wp-json\/wp\/v2\/tags?post=1180"}],"curies":[{"name":"wp","href":"https:\/\/api.w.org\/{rel}","templated":true}]}}