{"id":1147,"date":"2022-08-29T15:18:17","date_gmt":"2022-08-29T13:18:17","guid":{"rendered":"https:\/\/ambbratislava.esteri.it\/news\/dall_ambasciata\/2022\/08\/partecipazione-dell-ambasciatrice_1\/"},"modified":"2022-08-29T15:18:17","modified_gmt":"2022-08-29T13:18:17","slug":"partecipazione-dell-ambasciatrice_1","status":"publish","type":"post","link":"https:\/\/ambbratislava.esteri.it\/it\/news\/dall_ambasciata\/2022\/08\/partecipazione-dell-ambasciatrice_1\/","title":{"rendered":"Partecipazione dell&#8217;Ambasciatrice Flumiani alle celebrazioni del 78\u00b0 anniversario dell\u2019Insurrezione Nazionale Slovacca"},"content":{"rendered":"<p>L\u2019Ambasciatrice d\u2019Italia Catherine Flumiani si \u00e8 recata oggi a Bansk\u00e1 Bystrica per prendere parte alle celebrazioni nazionali del 78\u00b0 anniversario dell\u2019Insurrezione Nazionale Slovacca (SNP), che hanno avuto luogo presso il Museo ad essa dedicato.<\/p>\n<p>La cerimonia si \u00e8 svolta alla presenza della Presidente della Repubblica Slovacca Zuzana \u010caputov\u00e1, del Presidente del Consiglio Nazionale Slovacco Boris Koll\u00e1r, del Primo Ministro Eduard Heger, del Ministro della Difesa Jaroslav Nad\u2019, nonch\u00e9 di rappresentanti del corpo diplomatico accreditati in Slovacchia. Hanno altres\u00ec partecipato alle celebrazioni alcuni reduci dell\u2019insurrezione del 1944.<\/p>\n<p>\u201cLa partecipazione a questa cerimonia commemorativa e i richiami delle autorit\u00e0 presenti ai valori della libert\u00e0, democrazia ed unit\u00e0 assumono quest\u2019anno un ulteriore significato alla luce della guerra nella vicina Ucraina\u201d, ha dichiarato l\u2019Ambasciatrice che ha deposto una corona di fiori.<\/p>\n","protected":false},"excerpt":{"rendered":"L\u2019Ambasciatrice d\u2019Italia Catherine Flumiani si \u00e8 recata oggi a Bansk\u00e1 Bystrica per prendere parte alle celebrazioni nazionali del 78\u00b0 anniversario dell\u2019Insurrezione Nazionale Slovacca (SNP), che hanno avuto luogo presso il Museo ad essa dedicato. La cerimonia si \u00e8 svolta alla presenza della Presidente della Repubblica Slovacca Zuzana \u010caputov\u00e1, del Presidente del Consiglio Nazionale Slovacco Boris [&hellip;]","protected":false},"author":1,"featured_media":0,"comment_status":"","ping_status":"","sticky":false,"template":"","format":"standard","meta":{"footnotes":""},"tags":[],"class_list":["post-1147","post","type-post","status-publish","format-standard","hentry"],"_links":{"self":[{"href":"https:\/\/ambbratislava.esteri.it\/it\/wp-json\/wp\/v2\/posts\/1147","targetHints":{"allow":["GET"]}}],"collection":[{"href":"https:\/\/ambbratislava.esteri.it\/it\/wp-json\/wp\/v2\/posts"}],"about":[{"href":"https:\/\/ambbratislava.esteri.it\/it\/wp-json\/wp\/v2\/types\/post"}],"author":[{"embeddable":true,"href":"https:\/\/ambbratislava.esteri.it\/it\/wp-json\/wp\/v2\/users\/1"}],"replies":[{"embeddable":true,"href":"https:\/\/ambbratislava.esteri.it\/it\/wp-json\/wp\/v2\/comments?post=1147"}],"version-history":[{"count":0,"href":"https:\/\/ambbratislava.esteri.it\/it\/wp-json\/wp\/v2\/posts\/1147\/revisions"}],"wp:attachment":[{"href":"https:\/\/ambbratislava.esteri.it\/it\/wp-json\/wp\/v2\/media?parent=1147"}],"wp:term":[{"taxonomy":"post_tag","embeddable":true,"href":"https:\/\/ambbratislava.esteri.it\/it\/wp-json\/wp\/v2\/tags?post=1147"}],"curies":[{"name":"wp","href":"https:\/\/api.w.org\/{rel}","templated":true}]}}