{"id":1139,"date":"2022-09-13T14:40:05","date_gmt":"2022-09-13T12:40:05","guid":{"rendered":"https:\/\/ambbratislava.esteri.it\/news\/dall_ambasciata\/2022\/09\/incontro-dell-ambasciatrice-flumiani_14\/"},"modified":"2022-09-13T14:40:05","modified_gmt":"2022-09-13T12:40:05","slug":"incontro-dell-ambasciatrice-flumiani_14","status":"publish","type":"post","link":"https:\/\/ambbratislava.esteri.it\/it\/news\/dall_ambasciata\/2022\/09\/incontro-dell-ambasciatrice-flumiani_14\/","title":{"rendered":"Incontro dell\u2019Ambasciatrice Flumiani con il Governatore della Regione Autonoma di Bratislava, Juraj Droba."},"content":{"rendered":"<p style=\"text-align: justify;\">L\u2019Ambasciatrice Flumiani ha incontrato ieri il Governatore della Regione Autonoma di Bratislava, Juraj Droba. Da parte slovacca sono stati forniti aggiornamenti circa i progetti di collaborazione e scambi di esperienza con regioni italiane attualmente allo studio, con particolare attenzione al settore della formazione professionale e all\u2019organizzazione dei servizi in favore della cittadinanza. L\u2019Ambasciatrice Flumiani ha sottolineato l\u2019importanza dei contatti tra autorit\u00e0 regionali e locali, evocando le potenzialit\u00e0 anche nel settore del turismo e in materia di sostenibilit\u00e0.<\/p>\n","protected":false},"excerpt":{"rendered":"L\u2019Ambasciatrice Flumiani ha incontrato ieri il Governatore della Regione Autonoma di Bratislava, Juraj Droba. Da parte slovacca sono stati forniti aggiornamenti circa i progetti di collaborazione e scambi di esperienza con regioni italiane attualmente allo studio, con particolare attenzione al settore della formazione professionale e all\u2019organizzazione dei servizi in favore della cittadinanza. L\u2019Ambasciatrice Flumiani ha [&hellip;]","protected":false},"author":1,"featured_media":0,"comment_status":"","ping_status":"","sticky":false,"template":"","format":"standard","meta":{"footnotes":""},"tags":[],"class_list":["post-1139","post","type-post","status-publish","format-standard","hentry"],"_links":{"self":[{"href":"https:\/\/ambbratislava.esteri.it\/it\/wp-json\/wp\/v2\/posts\/1139","targetHints":{"allow":["GET"]}}],"collection":[{"href":"https:\/\/ambbratislava.esteri.it\/it\/wp-json\/wp\/v2\/posts"}],"about":[{"href":"https:\/\/ambbratislava.esteri.it\/it\/wp-json\/wp\/v2\/types\/post"}],"author":[{"embeddable":true,"href":"https:\/\/ambbratislava.esteri.it\/it\/wp-json\/wp\/v2\/users\/1"}],"replies":[{"embeddable":true,"href":"https:\/\/ambbratislava.esteri.it\/it\/wp-json\/wp\/v2\/comments?post=1139"}],"version-history":[{"count":0,"href":"https:\/\/ambbratislava.esteri.it\/it\/wp-json\/wp\/v2\/posts\/1139\/revisions"}],"wp:attachment":[{"href":"https:\/\/ambbratislava.esteri.it\/it\/wp-json\/wp\/v2\/media?parent=1139"}],"wp:term":[{"taxonomy":"post_tag","embeddable":true,"href":"https:\/\/ambbratislava.esteri.it\/it\/wp-json\/wp\/v2\/tags?post=1139"}],"curies":[{"name":"wp","href":"https:\/\/api.w.org\/{rel}","templated":true}]}}