{"id":1108,"date":"2022-09-22T10:03:50","date_gmt":"2022-09-22T08:03:50","guid":{"rendered":"https:\/\/ambbratislava.esteri.it\/news\/dall_ambasciata\/2022\/09\/partecipazione-dell-ambasciatrice_3\/"},"modified":"2022-09-22T10:03:50","modified_gmt":"2022-09-22T08:03:50","slug":"partecipazione-dell-ambasciatrice_3","status":"publish","type":"post","link":"https:\/\/ambbratislava.esteri.it\/it\/news\/dall_ambasciata\/2022\/09\/partecipazione-dell-ambasciatrice_3\/","title":{"rendered":"Partecipazione dell\u2019Ambasciatrice Flumiani all\u2019apertura dell\u2019anno accademico presso l\u2019Universit\u00e0 Matej Bel di Banska Bystrica."},"content":{"rendered":"<p style=\"text-align: justify;\">L&#8217;Ambasciatrice Catherine Flumiani ha partecipato ieri alle celebrazioni per l&#8217;apertura dell&#8217;Anno Accademico 2022-2023 dell&#8217;Universit\u00e0 Matej Bel di Banska Bystrica, che \u00e8 coinciso con il 30\u00b0 anniversario della sua fondazione.<\/p>\n<p style=\"text-align: justify;\">Alla cerimonia hanno partecipato il Primo Ministro Eduard Heger, il Presidente della Corte Suprema slovacca J\u00e1n \u0160ikuta, i rappresentanti dei principali altri Atenei slovacchi, nonch\u00e9 diversi membri del corpo diplomatico. L&#8217;Ambasciatrice ha rivolto i propri auguri di buon lavoro al Rettore dell\u2019Universit\u00e0 Matej Bel Vladimir Hiadlovsky e alla Vice Rettrice per gli Affari Internazionali, Katarina Chovancova, auspicando una prosecuzione dei colloqui per assicurare la prosecuzione dell\u2019insegnamento della lingua italiana. L\u2019Ambasciatrice ha altres\u00ec incontrato la lettrice di ruolo presso il Dipartimento di Studi Romanzi della Facolt\u00e0 di Lettere, prof.ssa Carmen Mammola, per definire il programma delle iniziative per la diffusione della cultura italiana da organizzare nei prossimi mesi nella citt\u00e0 di Banska Bystrica.<\/p>\n","protected":false},"excerpt":{"rendered":"L&#8217;Ambasciatrice Catherine Flumiani ha partecipato ieri alle celebrazioni per l&#8217;apertura dell&#8217;Anno Accademico 2022-2023 dell&#8217;Universit\u00e0 Matej Bel di Banska Bystrica, che \u00e8 coinciso con il 30\u00b0 anniversario della sua fondazione. Alla cerimonia hanno partecipato il Primo Ministro Eduard Heger, il Presidente della Corte Suprema slovacca J\u00e1n \u0160ikuta, i rappresentanti dei principali altri Atenei slovacchi, nonch\u00e9 diversi [&hellip;]","protected":false},"author":1,"featured_media":0,"comment_status":"","ping_status":"","sticky":false,"template":"","format":"standard","meta":{"footnotes":""},"tags":[],"class_list":["post-1108","post","type-post","status-publish","format-standard","hentry"],"_links":{"self":[{"href":"https:\/\/ambbratislava.esteri.it\/it\/wp-json\/wp\/v2\/posts\/1108","targetHints":{"allow":["GET"]}}],"collection":[{"href":"https:\/\/ambbratislava.esteri.it\/it\/wp-json\/wp\/v2\/posts"}],"about":[{"href":"https:\/\/ambbratislava.esteri.it\/it\/wp-json\/wp\/v2\/types\/post"}],"author":[{"embeddable":true,"href":"https:\/\/ambbratislava.esteri.it\/it\/wp-json\/wp\/v2\/users\/1"}],"replies":[{"embeddable":true,"href":"https:\/\/ambbratislava.esteri.it\/it\/wp-json\/wp\/v2\/comments?post=1108"}],"version-history":[{"count":0,"href":"https:\/\/ambbratislava.esteri.it\/it\/wp-json\/wp\/v2\/posts\/1108\/revisions"}],"wp:attachment":[{"href":"https:\/\/ambbratislava.esteri.it\/it\/wp-json\/wp\/v2\/media?parent=1108"}],"wp:term":[{"taxonomy":"post_tag","embeddable":true,"href":"https:\/\/ambbratislava.esteri.it\/it\/wp-json\/wp\/v2\/tags?post=1108"}],"curies":[{"name":"wp","href":"https:\/\/api.w.org\/{rel}","templated":true}]}}